{"id":176631,"date":"2025-11-01T11:10:20","date_gmt":"2025-11-01T14:10:20","guid":{"rendered":"https:\/\/www.cronicasdeitarantim.com.br\/v1\/?p=176631"},"modified":"2025-11-01T11:10:20","modified_gmt":"2025-11-01T14:10:20","slug":"morador-de-potiragua-morre-em-grave-acidente-na-ba-263-entre-itapetinga-e-itambe","status":"publish","type":"post","link":"https:\/\/www.cronicasdeitarantim.com.br\/v1\/2025\/11\/01\/morador-de-potiragua-morre-em-grave-acidente-na-ba-263-entre-itapetinga-e-itambe\/","title":{"rendered":"Morador de Potiragu\u00e1 morre em grave acidente na BA\/263 entre Itapetinga e Itamb\u00e9"},"content":{"rendered":"<p>Um tr\u00e1gico acidente de carro na madrugada deste s\u00e1bado, 1\u00ba de novembro, tirou a vida de Hilton Alves Rodrigues, de 37 anos, conhecido na cidade de Potiragu\u00e1 como &#8220;Tim&#8221;.<\/p>\n<p>De acordo com informa\u00e7\u00f5es do portal Ireporter, Tim estava dirigindo no sentido Itapetinga\/Itamb\u00e9 quando perdeu o controle do ve\u00edculo em uma curva, saindo da pista e capotando em uma ribanceira.<\/p>\n<p>Informa\u00e7\u00f5es colhidas pela reda\u00e7\u00e3o do Cr\u00f4nicas de Itarantim revelam que, no momento do acidente, Tim estava acompanhado de Jefferson Blogueiro, bastante conhecido na cidade, que sofreu ferimentos leves e passa bem.<\/p>\n<p>A morte de Tim gerou grande como\u00e7\u00e3o entre os moradores de Potiragu\u00e1. Amigos e familiares lamentaram a perda nas redes sociais, onde v\u00e1rias homenagens foram feitas ao jovem microempres\u00e1rio, que deixa um legado na comunidade, al\u00e9m da esposa e um filho.<\/p>\n<p>Aos familiares e amigos fica aqui as nossas solidariedades e conforto espiritual!<\/p>\n<p>&nbsp;<\/p>\n","protected":false},"excerpt":{"rendered":"<p>Um tr\u00e1gico acidente de carro na madrugada deste s\u00e1bado, 1\u00ba de novembro, tirou a vida de Hilton Alves Rodrigues, de 37 anos, conhecido na cidade de Potiragu\u00e1 como &#8220;Tim&#8221;. De acordo com informa\u00e7\u00f5es do portal Ireporter, Tim estava dirigindo no sentido Itapetinga\/Itamb\u00e9 quando perdeu o controle do ve\u00edculo em uma curva, saindo da pista e capotando em uma ribanceira. Informa\u00e7\u00f5es colhidas pela reda\u00e7\u00e3o do Cr\u00f4nicas de Itarantim revelam que, no momento do acidente, Tim estava acompanhado de Jefferson Blogueiro, bastante conhecido na cidade, que sofreu ferimentos leves e passa bem. A morte de Tim gerou grande como\u00e7\u00e3o entre os moradores [&hellip;]<\/p>\n","protected":false},"author":4,"featured_media":176632,"comment_status":"open","ping_status":"open","sticky":false,"template":"","format":"standard","meta":[],"categories":[306],"tags":[594,3310,1780,437],"_links":{"self":[{"href":"https:\/\/www.cronicasdeitarantim.com.br\/v1\/wp-json\/wp\/v2\/posts\/176631"}],"collection":[{"href":"https:\/\/www.cronicasdeitarantim.com.br\/v1\/wp-json\/wp\/v2\/posts"}],"about":[{"href":"https:\/\/www.cronicasdeitarantim.com.br\/v1\/wp-json\/wp\/v2\/types\/post"}],"author":[{"embeddable":true,"href":"https:\/\/www.cronicasdeitarantim.com.br\/v1\/wp-json\/wp\/v2\/users\/4"}],"replies":[{"embeddable":true,"href":"https:\/\/www.cronicasdeitarantim.com.br\/v1\/wp-json\/wp\/v2\/comments?post=176631"}],"version-history":[{"count":1,"href":"https:\/\/www.cronicasdeitarantim.com.br\/v1\/wp-json\/wp\/v2\/posts\/176631\/revisions"}],"predecessor-version":[{"id":176633,"href":"https:\/\/www.cronicasdeitarantim.com.br\/v1\/wp-json\/wp\/v2\/posts\/176631\/revisions\/176633"}],"wp:featuredmedia":[{"embeddable":true,"href":"https:\/\/www.cronicasdeitarantim.com.br\/v1\/wp-json\/wp\/v2\/media\/176632"}],"wp:attachment":[{"href":"https:\/\/www.cronicasdeitarantim.com.br\/v1\/wp-json\/wp\/v2\/media?parent=176631"}],"wp:term":[{"taxonomy":"category","embeddable":true,"href":"https:\/\/www.cronicasdeitarantim.com.br\/v1\/wp-json\/wp\/v2\/categories?post=176631"},{"taxonomy":"post_tag","embeddable":true,"href":"https:\/\/www.cronicasdeitarantim.com.br\/v1\/wp-json\/wp\/v2\/tags?post=176631"}],"curies":[{"name":"wp","href":"https:\/\/api.w.org\/{rel}","templated":true}]}}