{"id":176604,"date":"2025-10-29T21:04:32","date_gmt":"2025-10-30T00:04:32","guid":{"rendered":"https:\/\/www.cronicasdeitarantim.com.br\/v1\/?p=176604"},"modified":"2025-10-29T21:04:32","modified_gmt":"2025-10-30T00:04:32","slug":"prefeitura-de-potiragua-recebe-nova-ambulancia-para-saude-do-municipio","status":"publish","type":"post","link":"https:\/\/www.cronicasdeitarantim.com.br\/v1\/2025\/10\/29\/prefeitura-de-potiragua-recebe-nova-ambulancia-para-saude-do-municipio\/","title":{"rendered":"Prefeitura de Potiragu\u00e1 recebe nova ambul\u00e2ncia para sa\u00fade do munic\u00edpio"},"content":{"rendered":"<h3>O munic\u00edpio de Potiragu\u00e1, sob a gest\u00e3o do prefeito Elias Carvalho, (AVANTE), foi contemplado com uma nova ambul\u00e2ncia destinada a refor\u00e7ar o atendimento na \u00e1rea da sa\u00fade do munic\u00edpio.<\/h3>\n<h3>A cerim\u00f4nia de entrega do ve\u00edculo ocorreu em Salvador nesta quarta-feira, 29 de outubro. Representando o prefeito, o chefe de gabinete Dr. Eduardo Carvalho e o vice-prefeito Gegel estiveram presentes para receber a unidade.<\/h3>\n<h3>A aquisi\u00e7\u00e3o da ambul\u00e2ncia foi poss\u00edvel gra\u00e7as a uma emenda da deputada estadual Maria Del Carmen (PT).<\/h3>\n","protected":false},"excerpt":{"rendered":"<p>O munic\u00edpio de Potiragu\u00e1, sob a gest\u00e3o do prefeito Elias Carvalho, (AVANTE), foi contemplado com uma nova ambul\u00e2ncia destinada a refor\u00e7ar o atendimento na \u00e1rea da sa\u00fade do munic\u00edpio. A cerim\u00f4nia de entrega do ve\u00edculo ocorreu em Salvador nesta quarta-feira, 29 de outubro. Representando o prefeito, o chefe de gabinete Dr. Eduardo Carvalho e o vice-prefeito Gegel estiveram presentes para receber a unidade. A aquisi\u00e7\u00e3o da ambul\u00e2ncia foi poss\u00edvel gra\u00e7as a uma emenda da deputada estadual Maria Del Carmen (PT).<\/p>\n","protected":false},"author":4,"featured_media":176605,"comment_status":"open","ping_status":"open","sticky":false,"template":"","format":"standard","meta":[],"categories":[345],"tags":[3310,1780,437,254],"_links":{"self":[{"href":"https:\/\/www.cronicasdeitarantim.com.br\/v1\/wp-json\/wp\/v2\/posts\/176604"}],"collection":[{"href":"https:\/\/www.cronicasdeitarantim.com.br\/v1\/wp-json\/wp\/v2\/posts"}],"about":[{"href":"https:\/\/www.cronicasdeitarantim.com.br\/v1\/wp-json\/wp\/v2\/types\/post"}],"author":[{"embeddable":true,"href":"https:\/\/www.cronicasdeitarantim.com.br\/v1\/wp-json\/wp\/v2\/users\/4"}],"replies":[{"embeddable":true,"href":"https:\/\/www.cronicasdeitarantim.com.br\/v1\/wp-json\/wp\/v2\/comments?post=176604"}],"version-history":[{"count":1,"href":"https:\/\/www.cronicasdeitarantim.com.br\/v1\/wp-json\/wp\/v2\/posts\/176604\/revisions"}],"predecessor-version":[{"id":176606,"href":"https:\/\/www.cronicasdeitarantim.com.br\/v1\/wp-json\/wp\/v2\/posts\/176604\/revisions\/176606"}],"wp:featuredmedia":[{"embeddable":true,"href":"https:\/\/www.cronicasdeitarantim.com.br\/v1\/wp-json\/wp\/v2\/media\/176605"}],"wp:attachment":[{"href":"https:\/\/www.cronicasdeitarantim.com.br\/v1\/wp-json\/wp\/v2\/media?parent=176604"}],"wp:term":[{"taxonomy":"category","embeddable":true,"href":"https:\/\/www.cronicasdeitarantim.com.br\/v1\/wp-json\/wp\/v2\/categories?post=176604"},{"taxonomy":"post_tag","embeddable":true,"href":"https:\/\/www.cronicasdeitarantim.com.br\/v1\/wp-json\/wp\/v2\/tags?post=176604"}],"curies":[{"name":"wp","href":"https:\/\/api.w.org\/{rel}","templated":true}]}}