{"id":176529,"date":"2025-10-23T14:29:04","date_gmt":"2025-10-23T17:29:04","guid":{"rendered":"https:\/\/www.cronicasdeitarantim.com.br\/v1\/?p=176529"},"modified":"2025-10-23T14:48:45","modified_gmt":"2025-10-23T17:48:45","slug":"morador-de-maiquinique-que-estava-no-fronte-de-guerra-entre-ucrania-e-russia-foi-morto","status":"publish","type":"post","link":"https:\/\/www.cronicasdeitarantim.com.br\/v1\/2025\/10\/23\/morador-de-maiquinique-que-estava-no-fronte-de-guerra-entre-ucrania-e-russia-foi-morto\/","title":{"rendered":"Morador de Maiquinique que estava no fronte de guerra entre Ucr\u00e2nia e R\u00fassia foi morto"},"content":{"rendered":"<p>Um morador de Maiquinique, no m\u00e9dio sudoeste da Bahia, identificado como Nito Souza, foi morto em combate na Ucr\u00e2nia na \u00faltima ter\u00e7a-feira, 21 de outubro, em um confronto contra soldados russos.<\/p>\n<p>Nito Souza j\u00e1 estava na Ucr\u00e2nia h\u00e1 algum tempo e havia retornado \u00e0 cidade de Maiquinique h\u00e1 cerca de seis meses ou mais antes de voltar ao conflito. Recentemente, ele publicou um v\u00eddeo em um grupo de WhatsApp de Maiquinique, alertando que a miss\u00e3o desta semana era de alto risco contra for\u00e7as russas.<\/p>\n<p>Segundo informa\u00e7\u00f5es de amigos colhidas pela reda\u00e7\u00e3o do Cr\u00f4nicas de Itarantim, Nito teria conclu\u00eddo a miss\u00e3o, mas foi ferido ao pisar em uma mina terrestre no seu retorno, sendo posteriormente abatido por um drone russo no local, juntamente com outra pessoa. Amigos, familiares e \u00f3rg\u00e3os p\u00fablicos de Maiquinique emitiram notas de solidariedade\u00a0\u00e0\u00a0fam\u00edlia.<\/p>\n<p>Confira v\u00eddeo do maiquiniquense alertando sobre a miss\u00e3o: <a href=\"https:\/\/www.instagram.com\/reel\/DQKPjn0kVrl\/?utm_source=ig_web_copy_link&amp;igsh=MzRlODBiNWFlZA==\">https:\/\/www.instagram.com\/reel\/DQKPjn0kVrl\/?utm_source=ig_web_copy_link&amp;igsh=MzRlODBiNWFlZA==<\/a><\/p>\n","protected":false},"excerpt":{"rendered":"<p>Um morador de Maiquinique, no m\u00e9dio sudoeste da Bahia, identificado como Nito Souza, foi morto em combate na Ucr\u00e2nia na \u00faltima ter\u00e7a-feira, 21 de outubro, em um confronto contra soldados russos. Nito Souza j\u00e1 estava na Ucr\u00e2nia h\u00e1 algum tempo e havia retornado \u00e0 cidade de Maiquinique h\u00e1 cerca de seis meses ou mais antes de voltar ao conflito. Recentemente, ele publicou um v\u00eddeo em um grupo de WhatsApp de Maiquinique, alertando que a miss\u00e3o desta semana era de alto risco contra for\u00e7as russas. Segundo informa\u00e7\u00f5es de amigos colhidas pela reda\u00e7\u00e3o do Cr\u00f4nicas de Itarantim, Nito teria conclu\u00eddo a miss\u00e3o, [&hellip;]<\/p>\n","protected":false},"author":4,"featured_media":176530,"comment_status":"open","ping_status":"open","sticky":false,"template":"","format":"standard","meta":[],"categories":[1261],"tags":[3310,1780,1522,392,1520,1521],"_links":{"self":[{"href":"https:\/\/www.cronicasdeitarantim.com.br\/v1\/wp-json\/wp\/v2\/posts\/176529"}],"collection":[{"href":"https:\/\/www.cronicasdeitarantim.com.br\/v1\/wp-json\/wp\/v2\/posts"}],"about":[{"href":"https:\/\/www.cronicasdeitarantim.com.br\/v1\/wp-json\/wp\/v2\/types\/post"}],"author":[{"embeddable":true,"href":"https:\/\/www.cronicasdeitarantim.com.br\/v1\/wp-json\/wp\/v2\/users\/4"}],"replies":[{"embeddable":true,"href":"https:\/\/www.cronicasdeitarantim.com.br\/v1\/wp-json\/wp\/v2\/comments?post=176529"}],"version-history":[{"count":4,"href":"https:\/\/www.cronicasdeitarantim.com.br\/v1\/wp-json\/wp\/v2\/posts\/176529\/revisions"}],"predecessor-version":[{"id":176534,"href":"https:\/\/www.cronicasdeitarantim.com.br\/v1\/wp-json\/wp\/v2\/posts\/176529\/revisions\/176534"}],"wp:featuredmedia":[{"embeddable":true,"href":"https:\/\/www.cronicasdeitarantim.com.br\/v1\/wp-json\/wp\/v2\/media\/176530"}],"wp:attachment":[{"href":"https:\/\/www.cronicasdeitarantim.com.br\/v1\/wp-json\/wp\/v2\/media?parent=176529"}],"wp:term":[{"taxonomy":"category","embeddable":true,"href":"https:\/\/www.cronicasdeitarantim.com.br\/v1\/wp-json\/wp\/v2\/categories?post=176529"},{"taxonomy":"post_tag","embeddable":true,"href":"https:\/\/www.cronicasdeitarantim.com.br\/v1\/wp-json\/wp\/v2\/tags?post=176529"}],"curies":[{"name":"wp","href":"https:\/\/api.w.org\/{rel}","templated":true}]}}