{"id":176024,"date":"2025-10-16T11:31:54","date_gmt":"2025-10-16T14:31:54","guid":{"rendered":"https:\/\/www.cronicasdeitarantim.com.br\/v1\/?p=176024"},"modified":"2025-10-16T11:31:54","modified_gmt":"2025-10-16T14:31:54","slug":"operacao-apura-esquema-criminoso-em-200-postos-de-combustiveis-na-bahia","status":"publish","type":"post","link":"https:\/\/www.cronicasdeitarantim.com.br\/v1\/2025\/10\/16\/operacao-apura-esquema-criminoso-em-200-postos-de-combustiveis-na-bahia\/","title":{"rendered":"Opera\u00e7\u00e3o apura esquema criminoso em 200 postos de combust\u00edveis na Bahia"},"content":{"rendered":"<div class=\"styles__Body-sc-1ffquwr-7 ePhtZb\">\n<p>A Pol\u00edcia Civil da Bahia deflagrou nesta quinta-feira (16) a Opera\u00e7\u00e3o Primus, com o objetivo de desarticular um esquema criminoso ligado \u00e0 adultera\u00e7\u00e3o de combust\u00edveis e \u00e0 lavagem de dinheiro em mais de 200 postos no estado. A a\u00e7\u00e3o resultou na pris\u00e3o de sete pessoas, al\u00e9m da apreens\u00e3o de ve\u00edculos de luxo, equipamentos do setor, tr\u00eas pistolas, uma submetralhadora, carregadores, muni\u00e7\u00f5es e cerca de 10 ve\u00edculos de alto padr\u00e3o. A Justi\u00e7a foi acionada para bloquear R$ 6,5 bilh\u00f5es.<\/p>\n<p>As investiga\u00e7\u00f5es apontam que o grupo criminoso utilizava o setor de combust\u00edveis para oculta\u00e7\u00e3o patrimonial, mantendo v\u00ednculos com uma organiza\u00e7\u00e3o criminosa origin\u00e1ria de S\u00e3o Paulo. A opera\u00e7\u00e3o ocorreu em seis cidades baianas\u00a0incluindo Feira de Santana e Alagoinhas\u00a0e tamb\u00e9m nos estados de S\u00e3o Paulo e Rio de Janeiro. A atua\u00e7\u00e3o \u00e9 coordenada pelo Departamento de Repress\u00e3o e Combate \u00e0 Corrup\u00e7\u00e3o, ao Crime Organizado e \u00e0 Lavagem de Dinheiro (Draco-LD), com o envolvimento de 170 policiais civis.<\/p>\n<p>A apura\u00e7\u00e3o est\u00e1 ligada a desdobramentos da Opera\u00e7\u00e3o Carbono Oculto, deflagrada em agosto, que revelou o controle do setor de combust\u00edveis pelo Primeiro Comando da Capital (PCC), desde a importa\u00e7\u00e3o at\u00e9 a venda ao consumidor. Entre 2020 e 2024, uma rede de 1.200 postos movimentou R$ 52 bilh\u00f5es, mas pagou apenas R$ 90 milh\u00f5es em impostos, evidenciando fraudes fiscais e conex\u00e3o direta com o crime organizado.<\/p>\n<\/div>\n","protected":false},"excerpt":{"rendered":"<p>A Pol\u00edcia Civil da Bahia deflagrou nesta quinta-feira (16) a Opera\u00e7\u00e3o Primus, com o objetivo de desarticular um esquema criminoso ligado \u00e0 adultera\u00e7\u00e3o de combust\u00edveis e \u00e0 lavagem de dinheiro em mais de 200 postos no estado. A a\u00e7\u00e3o resultou na pris\u00e3o de sete pessoas, al\u00e9m da apreens\u00e3o de ve\u00edculos de luxo, equipamentos do setor, tr\u00eas pistolas, uma submetralhadora, carregadores, muni\u00e7\u00f5es e cerca de 10 ve\u00edculos de alto padr\u00e3o. A Justi\u00e7a foi acionada para bloquear R$ 6,5 bilh\u00f5es. As investiga\u00e7\u00f5es apontam que o grupo criminoso utilizava o setor de combust\u00edveis para oculta\u00e7\u00e3o patrimonial, mantendo v\u00ednculos com uma organiza\u00e7\u00e3o criminosa origin\u00e1ria [&hellip;]<\/p>\n","protected":false},"author":4,"featured_media":176025,"comment_status":"open","ping_status":"open","sticky":false,"template":"","format":"standard","meta":[],"categories":[295],"tags":[76,3310,697,1780],"_links":{"self":[{"href":"https:\/\/www.cronicasdeitarantim.com.br\/v1\/wp-json\/wp\/v2\/posts\/176024"}],"collection":[{"href":"https:\/\/www.cronicasdeitarantim.com.br\/v1\/wp-json\/wp\/v2\/posts"}],"about":[{"href":"https:\/\/www.cronicasdeitarantim.com.br\/v1\/wp-json\/wp\/v2\/types\/post"}],"author":[{"embeddable":true,"href":"https:\/\/www.cronicasdeitarantim.com.br\/v1\/wp-json\/wp\/v2\/users\/4"}],"replies":[{"embeddable":true,"href":"https:\/\/www.cronicasdeitarantim.com.br\/v1\/wp-json\/wp\/v2\/comments?post=176024"}],"version-history":[{"count":1,"href":"https:\/\/www.cronicasdeitarantim.com.br\/v1\/wp-json\/wp\/v2\/posts\/176024\/revisions"}],"predecessor-version":[{"id":176026,"href":"https:\/\/www.cronicasdeitarantim.com.br\/v1\/wp-json\/wp\/v2\/posts\/176024\/revisions\/176026"}],"wp:featuredmedia":[{"embeddable":true,"href":"https:\/\/www.cronicasdeitarantim.com.br\/v1\/wp-json\/wp\/v2\/media\/176025"}],"wp:attachment":[{"href":"https:\/\/www.cronicasdeitarantim.com.br\/v1\/wp-json\/wp\/v2\/media?parent=176024"}],"wp:term":[{"taxonomy":"category","embeddable":true,"href":"https:\/\/www.cronicasdeitarantim.com.br\/v1\/wp-json\/wp\/v2\/categories?post=176024"},{"taxonomy":"post_tag","embeddable":true,"href":"https:\/\/www.cronicasdeitarantim.com.br\/v1\/wp-json\/wp\/v2\/tags?post=176024"}],"curies":[{"name":"wp","href":"https:\/\/api.w.org\/{rel}","templated":true}]}}