{"id":175769,"date":"2025-10-08T18:43:18","date_gmt":"2025-10-08T21:43:18","guid":{"rendered":"https:\/\/www.cronicasdeitarantim.com.br\/v1\/?p=175769"},"modified":"2025-10-08T18:43:18","modified_gmt":"2025-10-08T21:43:18","slug":"violencia-homem-e-morto-por-vizinho-apos-se-negar-a-dar-senha-de-wi-fi-na-bahia","status":"publish","type":"post","link":"https:\/\/www.cronicasdeitarantim.com.br\/v1\/2025\/10\/08\/violencia-homem-e-morto-por-vizinho-apos-se-negar-a-dar-senha-de-wi-fi-na-bahia\/","title":{"rendered":"Viol\u00eancia: Homem \u00e9 morto por vizinho ap\u00f3s se negar a dar senha de Wi-Fi na Bahia"},"content":{"rendered":"<article id=\"post-241867\" class=\"post-241867 post type-post status-publish format-standard has-post-thumbnail hentry category-noticias\">\n<div class=\"container-post\">\n<div class=\"entry-content\">\n<p>Um homem identificado como Adriano Nunes foi preso pelo crime de homic\u00eddio no bairro de Pau da Lima, em Salvador, na noite de ter\u00e7a-feira, 7 de outubro. O suspeito estava foragido desde a noite de segunda-feira (6), quando fugiu da Ilha de Bom Jesus dos Passos depois de matar a facadas o pescador Ediemenson Sacramento da Silva, de 31 anos.<\/p>\n<p>De acordo com informa\u00e7\u00f5es iniciais, Adriano e a v\u00edtima eram vizinhos, mas acabaram discutindo na noite do crime. Isso porque Ediemenson teria se negado a ceder a senha do Wi-Fi de sua casa ap\u00f3s receber um pedido do suspeito. Com a negativa, houve uma discuss\u00e3o que evoluiu para uma briga e acabou com o esfaqueamento do pescador.<\/p>\n<p>Procurada, a Pol\u00edcia Militar da Bahia (PM-BA) informou que foi acionada para o caso momentos ap\u00f3s o crime atrav\u00e9s do 26\u00ba Batalh\u00e3o (BPM). Ao chegar ao local, no entanto, os policiais localizaram Ediemenson j\u00e1 sem sinais vitais. Com a constata\u00e7\u00e3o da morte, a \u00e1rea foi isolada para o Departamento de Pol\u00edcia T\u00e9cnica (DPT).<\/p>\n<p>A partir do registro do crime, a 17\u00aa Delegacia Territorial de Madre de Deus iniciou a apura\u00e7\u00e3o do caso e tem o suspeito \u00e0 disposi\u00e7\u00e3o da Justi\u00e7a ap\u00f3s a sua pris\u00e3o. Ediemenson era pescador e deixa uma filha de pouco mais de um ano, al\u00e9m de uma esposa.<\/p>\n<\/div>\n<footer class=\"entry-footer\"><\/footer>\n<\/div>\n<\/article>\n<div class=\"my-2\"><\/div>\n<article id=\"post-241863\" class=\"post-241863 post type-post status-publish format-standard has-post-thumbnail hentry category-noticias\">\n<div class=\"container-post\"><\/div>\n<\/article>\n","protected":false},"excerpt":{"rendered":"<p>Um homem identificado como Adriano Nunes foi preso pelo crime de homic\u00eddio no bairro de Pau da Lima, em Salvador, na noite de ter\u00e7a-feira, 7 de outubro. O suspeito estava foragido desde a noite de segunda-feira (6), quando fugiu da Ilha de Bom Jesus dos Passos depois de matar a facadas o pescador Ediemenson Sacramento da Silva, de 31 anos. De acordo com informa\u00e7\u00f5es iniciais, Adriano e a v\u00edtima eram vizinhos, mas acabaram discutindo na noite do crime. Isso porque Ediemenson teria se negado a ceder a senha do Wi-Fi de sua casa ap\u00f3s receber um pedido do suspeito. Com [&hellip;]<\/p>\n","protected":false},"author":4,"featured_media":175770,"comment_status":"open","ping_status":"open","sticky":false,"template":"","format":"standard","meta":[],"categories":[306],"tags":[76,3310,1780,434,444],"_links":{"self":[{"href":"https:\/\/www.cronicasdeitarantim.com.br\/v1\/wp-json\/wp\/v2\/posts\/175769"}],"collection":[{"href":"https:\/\/www.cronicasdeitarantim.com.br\/v1\/wp-json\/wp\/v2\/posts"}],"about":[{"href":"https:\/\/www.cronicasdeitarantim.com.br\/v1\/wp-json\/wp\/v2\/types\/post"}],"author":[{"embeddable":true,"href":"https:\/\/www.cronicasdeitarantim.com.br\/v1\/wp-json\/wp\/v2\/users\/4"}],"replies":[{"embeddable":true,"href":"https:\/\/www.cronicasdeitarantim.com.br\/v1\/wp-json\/wp\/v2\/comments?post=175769"}],"version-history":[{"count":1,"href":"https:\/\/www.cronicasdeitarantim.com.br\/v1\/wp-json\/wp\/v2\/posts\/175769\/revisions"}],"predecessor-version":[{"id":175771,"href":"https:\/\/www.cronicasdeitarantim.com.br\/v1\/wp-json\/wp\/v2\/posts\/175769\/revisions\/175771"}],"wp:featuredmedia":[{"embeddable":true,"href":"https:\/\/www.cronicasdeitarantim.com.br\/v1\/wp-json\/wp\/v2\/media\/175770"}],"wp:attachment":[{"href":"https:\/\/www.cronicasdeitarantim.com.br\/v1\/wp-json\/wp\/v2\/media?parent=175769"}],"wp:term":[{"taxonomy":"category","embeddable":true,"href":"https:\/\/www.cronicasdeitarantim.com.br\/v1\/wp-json\/wp\/v2\/categories?post=175769"},{"taxonomy":"post_tag","embeddable":true,"href":"https:\/\/www.cronicasdeitarantim.com.br\/v1\/wp-json\/wp\/v2\/tags?post=175769"}],"curies":[{"name":"wp","href":"https:\/\/api.w.org\/{rel}","templated":true}]}}