{"id":175758,"date":"2025-10-08T09:18:48","date_gmt":"2025-10-08T12:18:48","guid":{"rendered":"https:\/\/www.cronicasdeitarantim.com.br\/v1\/?p=175758"},"modified":"2025-10-08T09:23:03","modified_gmt":"2025-10-08T12:23:03","slug":"urgente-em-itambe-homem-foi-encontrado-enforcado-suspeita-e-de-suicidido","status":"publish","type":"post","link":"https:\/\/www.cronicasdeitarantim.com.br\/v1\/2025\/10\/08\/urgente-em-itambe-homem-foi-encontrado-enforcado-suspeita-e-de-suicidido\/","title":{"rendered":"Urgente em Itamb\u00e9! homem foi encontrado enforcado, suspeita \u00e9 de suic\u00eddido"},"content":{"rendered":"<h4>Na manh\u00e3 desta quarta-feira, 8 de outubro, uma not\u00edcia triste pegou a popula\u00e7\u00e3o do municipio de Itamb\u00e9 de surpresa, um homem que foi identificado por Lucas foi encontrado enforcado.<\/h4>\n<h4>Segundo informa\u00e7\u00f5es iniciais repassadas ao site Cr\u00f4nicas de Itarantim, ele foi encontrado com uma corda no pesco\u00e7o dentro de uma oficina, localizada na sa\u00edda para Vit\u00f3ria da Conquista, local de seu trabalho.<\/h4>\n<h4>H\u00e1 ind\u00edcios de que o homem tenha cometido suic\u00eddio, pois relatos indicam que ele enfrentava problemas psicol\u00f3gicos e j\u00e1 havia tentado se matar em outras ocasi\u00f5es.<\/h4>\n<h4>V\u00e1rias viatura da pol\u00edcia j\u00e1 est\u00e3o no local para proteger o local e o Departamento de Pol\u00edcia T\u00e9cnica (DPT) foi acionado para remo\u00e7\u00e3o do corpo que ser\u00e1 levado para o Instituto M\u00e9dico Legal (IML) de Itapetinga.<\/h4>\n<h4>\u00c9 uma situa\u00e7\u00e3o extremamente triste que ressalta a import\u00e2ncia de cuidar da sa\u00fade mental e oferecer apoio aos que est\u00e3o em sofrimento.<\/h4>\n<p><a href=\"https:\/\/www.cronicasdeitarantim.com.br\/v1\/wp-content\/uploads\/2025\/10\/Imagem-do-WhatsApp-de-2025-10-08-as-08.55.37_b3329532.jpg\"><img decoding=\"async\" loading=\"lazy\" class=\"alignnone size-full wp-image-175761\" src=\"https:\/\/www.cronicasdeitarantim.com.br\/v1\/wp-content\/uploads\/2025\/10\/Imagem-do-WhatsApp-de-2025-10-08-as-08.55.37_b3329532.jpg\" alt=\"\" width=\"720\" height=\"720\" srcset=\"https:\/\/www.cronicasdeitarantim.com.br\/v1\/wp-content\/uploads\/2025\/10\/Imagem-do-WhatsApp-de-2025-10-08-as-08.55.37_b3329532.jpg 720w, https:\/\/www.cronicasdeitarantim.com.br\/v1\/wp-content\/uploads\/2025\/10\/Imagem-do-WhatsApp-de-2025-10-08-as-08.55.37_b3329532-300x300.jpg 300w, https:\/\/www.cronicasdeitarantim.com.br\/v1\/wp-content\/uploads\/2025\/10\/Imagem-do-WhatsApp-de-2025-10-08-as-08.55.37_b3329532-150x150.jpg 150w, https:\/\/www.cronicasdeitarantim.com.br\/v1\/wp-content\/uploads\/2025\/10\/Imagem-do-WhatsApp-de-2025-10-08-as-08.55.37_b3329532-130x130.jpg 130w, https:\/\/www.cronicasdeitarantim.com.br\/v1\/wp-content\/uploads\/2025\/10\/Imagem-do-WhatsApp-de-2025-10-08-as-08.55.37_b3329532-400x400.jpg 400w, https:\/\/www.cronicasdeitarantim.com.br\/v1\/wp-content\/uploads\/2025\/10\/Imagem-do-WhatsApp-de-2025-10-08-as-08.55.37_b3329532-600x600.jpg 600w\" sizes=\"(max-width: 720px) 100vw, 720px\" \/><\/a><\/p>\n","protected":false},"excerpt":{"rendered":"<p>Na manh\u00e3 desta quarta-feira, 8 de outubro, uma not\u00edcia triste pegou a popula\u00e7\u00e3o do municipio de Itamb\u00e9 de surpresa, um homem que foi identificado por Lucas foi encontrado enforcado. Segundo informa\u00e7\u00f5es iniciais repassadas ao site Cr\u00f4nicas de Itarantim, ele foi encontrado com uma corda no pesco\u00e7o dentro de uma oficina, localizada na sa\u00edda para Vit\u00f3ria da Conquista, local de seu trabalho. H\u00e1 ind\u00edcios de que o homem tenha cometido suic\u00eddio, pois relatos indicam que ele enfrentava problemas psicol\u00f3gicos e j\u00e1 havia tentado se matar em outras ocasi\u00f5es. V\u00e1rias viatura da pol\u00edcia j\u00e1 est\u00e3o no local para proteger o local e [&hellip;]<\/p>\n","protected":false},"author":4,"featured_media":175759,"comment_status":"open","ping_status":"open","sticky":false,"template":"","format":"standard","meta":[],"categories":[306],"tags":[3310,1780,423,434,844],"_links":{"self":[{"href":"https:\/\/www.cronicasdeitarantim.com.br\/v1\/wp-json\/wp\/v2\/posts\/175758"}],"collection":[{"href":"https:\/\/www.cronicasdeitarantim.com.br\/v1\/wp-json\/wp\/v2\/posts"}],"about":[{"href":"https:\/\/www.cronicasdeitarantim.com.br\/v1\/wp-json\/wp\/v2\/types\/post"}],"author":[{"embeddable":true,"href":"https:\/\/www.cronicasdeitarantim.com.br\/v1\/wp-json\/wp\/v2\/users\/4"}],"replies":[{"embeddable":true,"href":"https:\/\/www.cronicasdeitarantim.com.br\/v1\/wp-json\/wp\/v2\/comments?post=175758"}],"version-history":[{"count":3,"href":"https:\/\/www.cronicasdeitarantim.com.br\/v1\/wp-json\/wp\/v2\/posts\/175758\/revisions"}],"predecessor-version":[{"id":175763,"href":"https:\/\/www.cronicasdeitarantim.com.br\/v1\/wp-json\/wp\/v2\/posts\/175758\/revisions\/175763"}],"wp:featuredmedia":[{"embeddable":true,"href":"https:\/\/www.cronicasdeitarantim.com.br\/v1\/wp-json\/wp\/v2\/media\/175759"}],"wp:attachment":[{"href":"https:\/\/www.cronicasdeitarantim.com.br\/v1\/wp-json\/wp\/v2\/media?parent=175758"}],"wp:term":[{"taxonomy":"category","embeddable":true,"href":"https:\/\/www.cronicasdeitarantim.com.br\/v1\/wp-json\/wp\/v2\/categories?post=175758"},{"taxonomy":"post_tag","embeddable":true,"href":"https:\/\/www.cronicasdeitarantim.com.br\/v1\/wp-json\/wp\/v2\/tags?post=175758"}],"curies":[{"name":"wp","href":"https:\/\/api.w.org\/{rel}","templated":true}]}}