{"id":175743,"date":"2025-10-07T08:48:51","date_gmt":"2025-10-07T11:48:51","guid":{"rendered":"https:\/\/www.cronicasdeitarantim.com.br\/v1\/?p=175743"},"modified":"2025-10-07T08:48:51","modified_gmt":"2025-10-07T11:48:51","slug":"uma-boa-noticia-vacina-contra-hpv-reduz-cancer-do-colo-do-utero-em-58-no-brasil","status":"publish","type":"post","link":"https:\/\/www.cronicasdeitarantim.com.br\/v1\/2025\/10\/07\/uma-boa-noticia-vacina-contra-hpv-reduz-cancer-do-colo-do-utero-em-58-no-brasil\/","title":{"rendered":"Uma boa not\u00edcia! Vacina contra HPV reduz c\u00e2ncer do colo do \u00fatero em 58% no Brasil"},"content":{"rendered":"<div class=\"styles__Body-sc-1ffquwr-7 ePhtZb\">\n<h4>Entre 2019 e 2023, um levantamento com dados do Sistema \u00danico de Sa\u00fade (SUS) analisou o efeito da imuniza\u00e7\u00e3o contra o HPV em mais de 60 milh\u00f5es de mulheres de 20 a 24 anos. A vacina mostrou reduzir em 58% os casos de c\u00e2ncer do colo do \u00fatero e em 67% as altera\u00e7\u00f5es pr\u00e9-cancerosas graves. Os resultados foram publicados na revista The Lancet e confirmam a efic\u00e1cia do imunizante mesmo antes da idade recomendada para rastreamento.<\/h4>\n<h4>O imunizante \u00e9 ofertado gratuitamente pelo SUS desde 2014. Em 2024, o Brasil adotou o regime de dose \u00fanica. J\u00e1 em 2025, a cobertura foi ampliada para adolescentes entre 15 e 19 anos e outros p\u00fablicos vulner\u00e1veis, como pessoas imunossuprimidas, usu\u00e1rios de Profilaxia Pr\u00e9-Exposi\u00e7\u00e3o (PrEP) e pacientes com papilomatose respirat\u00f3ria recorrente.<\/h4>\n<h4>O c\u00e2ncer do colo do \u00fatero permanece como o segundo tipo mais incidente entre mulheres no pa\u00eds e \u00e9 uma das principais causas de morte feminina. A vacina \u00e9 essencial para reduzir desigualdades e se aproxima da meta da Organiza\u00e7\u00e3o Mundial da Sa\u00fade (OMS) de erradicar a doen\u00e7a como problema de sa\u00fade p\u00fablica.<\/h4>\n<h4>A imuniza\u00e7\u00e3o previne at\u00e9 98% dos tipos mais perigosos do v\u00edrus. Est\u00e1 indicada para crian\u00e7as de 9 a 14 anos e adultos de at\u00e9 45 anos em situa\u00e7\u00f5es especiais. A aplica\u00e7\u00e3o ocorre em postos de sa\u00fade e centros especializados, sem custo, conforme diretrizes do Programa Nacional de Imuniza\u00e7\u00f5es.<\/h4>\n<\/div>\n","protected":false},"excerpt":{"rendered":"<p>Entre 2019 e 2023, um levantamento com dados do Sistema \u00danico de Sa\u00fade (SUS) analisou o efeito da imuniza\u00e7\u00e3o contra o HPV em mais de 60 milh\u00f5es de mulheres de 20 a 24 anos. A vacina mostrou reduzir em 58% os casos de c\u00e2ncer do colo do \u00fatero e em 67% as altera\u00e7\u00f5es pr\u00e9-cancerosas graves. Os resultados foram publicados na revista The Lancet e confirmam a efic\u00e1cia do imunizante mesmo antes da idade recomendada para rastreamento. O imunizante \u00e9 ofertado gratuitamente pelo SUS desde 2014. Em 2024, o Brasil adotou o regime de dose \u00fanica. J\u00e1 em 2025, a cobertura [&hellip;]<\/p>\n","protected":false},"author":4,"featured_media":175744,"comment_status":"open","ping_status":"open","sticky":false,"template":"","format":"standard","meta":[],"categories":[345],"tags":[3310,433,1780,254],"_links":{"self":[{"href":"https:\/\/www.cronicasdeitarantim.com.br\/v1\/wp-json\/wp\/v2\/posts\/175743"}],"collection":[{"href":"https:\/\/www.cronicasdeitarantim.com.br\/v1\/wp-json\/wp\/v2\/posts"}],"about":[{"href":"https:\/\/www.cronicasdeitarantim.com.br\/v1\/wp-json\/wp\/v2\/types\/post"}],"author":[{"embeddable":true,"href":"https:\/\/www.cronicasdeitarantim.com.br\/v1\/wp-json\/wp\/v2\/users\/4"}],"replies":[{"embeddable":true,"href":"https:\/\/www.cronicasdeitarantim.com.br\/v1\/wp-json\/wp\/v2\/comments?post=175743"}],"version-history":[{"count":1,"href":"https:\/\/www.cronicasdeitarantim.com.br\/v1\/wp-json\/wp\/v2\/posts\/175743\/revisions"}],"predecessor-version":[{"id":175745,"href":"https:\/\/www.cronicasdeitarantim.com.br\/v1\/wp-json\/wp\/v2\/posts\/175743\/revisions\/175745"}],"wp:featuredmedia":[{"embeddable":true,"href":"https:\/\/www.cronicasdeitarantim.com.br\/v1\/wp-json\/wp\/v2\/media\/175744"}],"wp:attachment":[{"href":"https:\/\/www.cronicasdeitarantim.com.br\/v1\/wp-json\/wp\/v2\/media?parent=175743"}],"wp:term":[{"taxonomy":"category","embeddable":true,"href":"https:\/\/www.cronicasdeitarantim.com.br\/v1\/wp-json\/wp\/v2\/categories?post=175743"},{"taxonomy":"post_tag","embeddable":true,"href":"https:\/\/www.cronicasdeitarantim.com.br\/v1\/wp-json\/wp\/v2\/tags?post=175743"}],"curies":[{"name":"wp","href":"https:\/\/api.w.org\/{rel}","templated":true}]}}