{"id":175733,"date":"2025-10-06T18:33:33","date_gmt":"2025-10-06T21:33:33","guid":{"rendered":"https:\/\/www.cronicasdeitarantim.com.br\/v1\/?p=175733"},"modified":"2025-10-06T18:40:39","modified_gmt":"2025-10-06T21:40:39","slug":"morador-de-maiquinique-que-se-encontra-vulneravel-pode-perder-o-pe-por-conta-de-bicheira","status":"publish","type":"post","link":"https:\/\/www.cronicasdeitarantim.com.br\/v1\/2025\/10\/06\/morador-de-maiquinique-que-se-encontra-vulneravel-pode-perder-o-pe-por-conta-de-bicheira\/","title":{"rendered":"Morador de Maiquinique que se encontra vulner\u00e1vel pode perder o p\u00e9 por conta de bicheira"},"content":{"rendered":"<h4>Um v\u00eddeo divulgado na semana passada mostra a situa\u00e7\u00e3o de um morador da cidade de Maiquinqiue, que se encontra em estado de emerg\u00eancia. De acordo com informa\u00e7\u00f5es dos moradores, o homem j\u00e1 est\u00e1 h\u00e1 muitos dias com bichos no p\u00e9 e sua situa\u00e7\u00e3o \u00e9 de vulnerabilidade social.<\/h4>\n<h4>Informa\u00e7\u00f5es d\u00e3o conta, que o mesmo vem usando uma esp\u00e9cie de rem\u00e9dio que \u00e9 usado em gado, por nome mata bicheira, que serve para matar bicheiras em animais.<\/h4>\n<h4>A situa\u00e7\u00e3o chamou a aten\u00e7\u00e3o e muitos internautas enviaram para a reda\u00e7\u00e3o do Cr\u00f4nicas de Itarantim o v\u00eddeo do homem solicitando atendimento m\u00e9dico.<\/h4>\n<h4>Ainda segundo informa\u00e7\u00f5es colhidas pela reda\u00e7\u00e3o, a Secretaria de Sa\u00fade do munic\u00edpio j\u00e1 teve conhecimento do caso e pretende internar o rapaz.<\/h4>\n<h4>No v\u00eddeo enviado para nossa reda\u00e7\u00e3o, o homem fala que quer ser internado e mostra a situa\u00e7\u00e3o do estado do seu p\u00e9 falando das suas condi\u00e7\u00f5es que se encontra.<\/h4>\n<p><strong>Em nota:<\/strong><\/p>\n<p><em>Antes o site havia publicado a mat\u00e9ria dando a informa\u00e7\u00f5es que o homem era morador do distrito de Ribeir\u00e3o do Salto-Itarantim, por conta de informa\u00e7\u00f5es que diziam que o homem era morador do distrito. Ao verificar a informa\u00e7\u00e3o, entrando em contato com o diretor do hospital regional de Itarantim, descobrimos que n\u00e3o havia nenhuma informa\u00e7\u00e3o no hospital do caso.<\/em><\/p>\n<p>Confira v\u00eddeo: <a href=\"https:\/\/www.instagram.com\/reel\/DPe6Tq8CmKQ\/?utm_source=ig_web_copy_link\">https:\/\/www.instagram.com\/reel\/DPe6Tq8CmKQ\/?utm_source=ig_web_copy_link<\/a><\/p>\n<p>&nbsp;<\/p>\n","protected":false},"excerpt":{"rendered":"<p>Um v\u00eddeo divulgado na semana passada mostra a situa\u00e7\u00e3o de um morador da cidade de Maiquinqiue, que se encontra em estado de emerg\u00eancia. De acordo com informa\u00e7\u00f5es dos moradores, o homem j\u00e1 est\u00e1 h\u00e1 muitos dias com bichos no p\u00e9 e sua situa\u00e7\u00e3o \u00e9 de vulnerabilidade social. Informa\u00e7\u00f5es d\u00e3o conta, que o mesmo vem usando uma esp\u00e9cie de rem\u00e9dio que \u00e9 usado em gado, por nome mata bicheira, que serve para matar bicheiras em animais. A situa\u00e7\u00e3o chamou a aten\u00e7\u00e3o e muitos internautas enviaram para a reda\u00e7\u00e3o do Cr\u00f4nicas de Itarantim o v\u00eddeo do homem solicitando atendimento m\u00e9dico. Ainda segundo [&hellip;]<\/p>\n","protected":false},"author":4,"featured_media":175726,"comment_status":"open","ping_status":"open","sticky":false,"template":"","format":"standard","meta":[],"categories":[345],"tags":[3310,1780,392,1394,3537],"_links":{"self":[{"href":"https:\/\/www.cronicasdeitarantim.com.br\/v1\/wp-json\/wp\/v2\/posts\/175733"}],"collection":[{"href":"https:\/\/www.cronicasdeitarantim.com.br\/v1\/wp-json\/wp\/v2\/posts"}],"about":[{"href":"https:\/\/www.cronicasdeitarantim.com.br\/v1\/wp-json\/wp\/v2\/types\/post"}],"author":[{"embeddable":true,"href":"https:\/\/www.cronicasdeitarantim.com.br\/v1\/wp-json\/wp\/v2\/users\/4"}],"replies":[{"embeddable":true,"href":"https:\/\/www.cronicasdeitarantim.com.br\/v1\/wp-json\/wp\/v2\/comments?post=175733"}],"version-history":[{"count":3,"href":"https:\/\/www.cronicasdeitarantim.com.br\/v1\/wp-json\/wp\/v2\/posts\/175733\/revisions"}],"predecessor-version":[{"id":175736,"href":"https:\/\/www.cronicasdeitarantim.com.br\/v1\/wp-json\/wp\/v2\/posts\/175733\/revisions\/175736"}],"wp:featuredmedia":[{"embeddable":true,"href":"https:\/\/www.cronicasdeitarantim.com.br\/v1\/wp-json\/wp\/v2\/media\/175726"}],"wp:attachment":[{"href":"https:\/\/www.cronicasdeitarantim.com.br\/v1\/wp-json\/wp\/v2\/media?parent=175733"}],"wp:term":[{"taxonomy":"category","embeddable":true,"href":"https:\/\/www.cronicasdeitarantim.com.br\/v1\/wp-json\/wp\/v2\/categories?post=175733"},{"taxonomy":"post_tag","embeddable":true,"href":"https:\/\/www.cronicasdeitarantim.com.br\/v1\/wp-json\/wp\/v2\/tags?post=175733"}],"curies":[{"name":"wp","href":"https:\/\/api.w.org\/{rel}","templated":true}]}}