{"id":175675,"date":"2025-10-01T23:40:04","date_gmt":"2025-10-02T02:40:04","guid":{"rendered":"https:\/\/www.cronicasdeitarantim.com.br\/v1\/?p=175675"},"modified":"2025-10-01T23:45:30","modified_gmt":"2025-10-02T02:45:30","slug":"politicos-da-regiao-e-da-bahia-lamentam-morte-de-michel-hagge-ex-prefeito-de-itapetinga","status":"publish","type":"post","link":"https:\/\/www.cronicasdeitarantim.com.br\/v1\/2025\/10\/01\/politicos-da-regiao-e-da-bahia-lamentam-morte-de-michel-hagge-ex-prefeito-de-itapetinga\/","title":{"rendered":"Pol\u00edticos da regi\u00e3o e da Bahia lamentam morte de Michel Hagge, ex-prefeito de Itapetinga"},"content":{"rendered":"<h4>Pol\u00edticos da regi\u00e3o e Bahia, como o governador Jer\u00f4nimo Rodrigues, prestaram homenagem atrav\u00e9s de suas\u00a0 ao ex-prefeito de Itapetinga, Michel Hagge, que faleceu nesta quarta-feira, 1\u00ba de outubro.<\/h4>\n<h4>Entre os pol\u00edticos em destaque, est\u00e3o o governador da Bahia, Jer\u00f4nimo Rodrigues (PT), o senador Jaques Wagner, o ex-prefeito de Salvador, ACM Neto, e o ex-ministro e deputado Geddel Vieira Lima.<\/h4>\n<h4>Alguns pol\u00edticos da regi\u00e3o do M\u00e9dio Sudoeste tamb\u00e9m expressaram solidariedade atrav\u00e9s de suas redes sociais. Entre eles, o prefeito de Itarantim, F\u00e1bio Gusm\u00e3o; a prefeita de Maiquinique, Val\u00e9ria Silveira; a prefeita de Macarani e presidenta do Cons\u00f3rcio do M\u00e9dio Sudoeste, Selma Souto; o presidente da C\u00e2mara de Vereadores de Itarantim, Dudu dos Tutas; e a prefeita de Vit\u00f3ria da Conquista, Sheila Lemos.<\/h4>\n<h4>Outros prefeitos de diversas regi\u00f5es da Bahia tamb\u00e9m se manifestaram em solidariedade.<\/h4>\n<p><a href=\"https:\/\/www.cronicasdeitarantim.com.br\/v1\/wp-content\/uploads\/2025\/10\/Screenshot_2025-10-01-23-09-10-947_com.instagram.android_compress71.jpg\"><img decoding=\"async\" loading=\"lazy\" class=\"alignnone size-full wp-image-175674\" src=\"https:\/\/www.cronicasdeitarantim.com.br\/v1\/wp-content\/uploads\/2025\/10\/Screenshot_2025-10-01-23-09-10-947_com.instagram.android_compress71.jpg\" alt=\"\" width=\"369\" height=\"800\" srcset=\"https:\/\/www.cronicasdeitarantim.com.br\/v1\/wp-content\/uploads\/2025\/10\/Screenshot_2025-10-01-23-09-10-947_com.instagram.android_compress71.jpg 369w, https:\/\/www.cronicasdeitarantim.com.br\/v1\/wp-content\/uploads\/2025\/10\/Screenshot_2025-10-01-23-09-10-947_com.instagram.android_compress71-138x300.jpg 138w, https:\/\/www.cronicasdeitarantim.com.br\/v1\/wp-content\/uploads\/2025\/10\/Screenshot_2025-10-01-23-09-10-947_com.instagram.android_compress71-277x600.jpg 277w\" sizes=\"(max-width: 369px) 100vw, 369px\" \/><\/a> <a href=\"https:\/\/www.cronicasdeitarantim.com.br\/v1\/wp-content\/uploads\/2025\/10\/Screenshot_2025-10-01-22-57-05-519_com.instagram.android_compress44.jpg\"><img decoding=\"async\" loading=\"lazy\" class=\"alignnone size-full wp-image-175673\" src=\"https:\/\/www.cronicasdeitarantim.com.br\/v1\/wp-content\/uploads\/2025\/10\/Screenshot_2025-10-01-22-57-05-519_com.instagram.android_compress44.jpg\" alt=\"\" width=\"369\" height=\"800\" srcset=\"https:\/\/www.cronicasdeitarantim.com.br\/v1\/wp-content\/uploads\/2025\/10\/Screenshot_2025-10-01-22-57-05-519_com.instagram.android_compress44.jpg 369w, https:\/\/www.cronicasdeitarantim.com.br\/v1\/wp-content\/uploads\/2025\/10\/Screenshot_2025-10-01-22-57-05-519_com.instagram.android_compress44-138x300.jpg 138w, https:\/\/www.cronicasdeitarantim.com.br\/v1\/wp-content\/uploads\/2025\/10\/Screenshot_2025-10-01-22-57-05-519_com.instagram.android_compress44-277x600.jpg 277w\" sizes=\"(max-width: 369px) 100vw, 369px\" \/><\/a> <a href=\"https:\/\/www.cronicasdeitarantim.com.br\/v1\/wp-content\/uploads\/2025\/10\/Screenshot_2025-10-01-22-55-19-986_com.instagram.android_compress10.jpg\"><img decoding=\"async\" loading=\"lazy\" class=\"alignnone size-full wp-image-175672\" src=\"https:\/\/www.cronicasdeitarantim.com.br\/v1\/wp-content\/uploads\/2025\/10\/Screenshot_2025-10-01-22-55-19-986_com.instagram.android_compress10.jpg\" alt=\"\" width=\"369\" height=\"800\" srcset=\"https:\/\/www.cronicasdeitarantim.com.br\/v1\/wp-content\/uploads\/2025\/10\/Screenshot_2025-10-01-22-55-19-986_com.instagram.android_compress10.jpg 369w, https:\/\/www.cronicasdeitarantim.com.br\/v1\/wp-content\/uploads\/2025\/10\/Screenshot_2025-10-01-22-55-19-986_com.instagram.android_compress10-138x300.jpg 138w, https:\/\/www.cronicasdeitarantim.com.br\/v1\/wp-content\/uploads\/2025\/10\/Screenshot_2025-10-01-22-55-19-986_com.instagram.android_compress10-277x600.jpg 277w\" sizes=\"(max-width: 369px) 100vw, 369px\" \/><\/a> <a href=\"https:\/\/www.cronicasdeitarantim.com.br\/v1\/wp-content\/uploads\/2025\/10\/Screenshot_2025-10-01-22-42-56-646_com.instagram.android_compress90.jpg\"><img decoding=\"async\" loading=\"lazy\" class=\"alignnone size-full wp-image-175671\" src=\"https:\/\/www.cronicasdeitarantim.com.br\/v1\/wp-content\/uploads\/2025\/10\/Screenshot_2025-10-01-22-42-56-646_com.instagram.android_compress90.jpg\" alt=\"\" width=\"369\" height=\"800\" srcset=\"https:\/\/www.cronicasdeitarantim.com.br\/v1\/wp-content\/uploads\/2025\/10\/Screenshot_2025-10-01-22-42-56-646_com.instagram.android_compress90.jpg 369w, https:\/\/www.cronicasdeitarantim.com.br\/v1\/wp-content\/uploads\/2025\/10\/Screenshot_2025-10-01-22-42-56-646_com.instagram.android_compress90-138x300.jpg 138w, https:\/\/www.cronicasdeitarantim.com.br\/v1\/wp-content\/uploads\/2025\/10\/Screenshot_2025-10-01-22-42-56-646_com.instagram.android_compress90-277x600.jpg 277w\" sizes=\"(max-width: 369px) 100vw, 369px\" \/><\/a> <a href=\"https:\/\/www.cronicasdeitarantim.com.br\/v1\/wp-content\/uploads\/2025\/10\/Screenshot_2025-10-01-22-48-19-908_com.instagram.android_compress50.jpg\"><img decoding=\"async\" loading=\"lazy\" class=\"alignnone size-full wp-image-175670\" src=\"https:\/\/www.cronicasdeitarantim.com.br\/v1\/wp-content\/uploads\/2025\/10\/Screenshot_2025-10-01-22-48-19-908_com.instagram.android_compress50.jpg\" alt=\"\" width=\"369\" height=\"800\" srcset=\"https:\/\/www.cronicasdeitarantim.com.br\/v1\/wp-content\/uploads\/2025\/10\/Screenshot_2025-10-01-22-48-19-908_com.instagram.android_compress50.jpg 369w, https:\/\/www.cronicasdeitarantim.com.br\/v1\/wp-content\/uploads\/2025\/10\/Screenshot_2025-10-01-22-48-19-908_com.instagram.android_compress50-138x300.jpg 138w, https:\/\/www.cronicasdeitarantim.com.br\/v1\/wp-content\/uploads\/2025\/10\/Screenshot_2025-10-01-22-48-19-908_com.instagram.android_compress50-277x600.jpg 277w\" sizes=\"(max-width: 369px) 100vw, 369px\" \/><\/a> <a href=\"https:\/\/www.cronicasdeitarantim.com.br\/v1\/wp-content\/uploads\/2025\/10\/Screenshot_2025-10-01-22-35-34-252_com.instagram.android_compress28.jpg\"><img decoding=\"async\" loading=\"lazy\" class=\"alignnone size-full wp-image-175668\" src=\"https:\/\/www.cronicasdeitarantim.com.br\/v1\/wp-content\/uploads\/2025\/10\/Screenshot_2025-10-01-22-35-34-252_com.instagram.android_compress28.jpg\" alt=\"\" width=\"369\" height=\"800\" srcset=\"https:\/\/www.cronicasdeitarantim.com.br\/v1\/wp-content\/uploads\/2025\/10\/Screenshot_2025-10-01-22-35-34-252_com.instagram.android_compress28.jpg 369w, https:\/\/www.cronicasdeitarantim.com.br\/v1\/wp-content\/uploads\/2025\/10\/Screenshot_2025-10-01-22-35-34-252_com.instagram.android_compress28-138x300.jpg 138w, https:\/\/www.cronicasdeitarantim.com.br\/v1\/wp-content\/uploads\/2025\/10\/Screenshot_2025-10-01-22-35-34-252_com.instagram.android_compress28-277x600.jpg 277w\" sizes=\"(max-width: 369px) 100vw, 369px\" \/><\/a> <a href=\"https:\/\/www.cronicasdeitarantim.com.br\/v1\/wp-content\/uploads\/2025\/10\/Screenshot_2025-10-01-22-43-40-054_com.instagram.android_compress35.jpg\"><img decoding=\"async\" loading=\"lazy\" class=\"alignnone size-full wp-image-175667\" src=\"https:\/\/www.cronicasdeitarantim.com.br\/v1\/wp-content\/uploads\/2025\/10\/Screenshot_2025-10-01-22-43-40-054_com.instagram.android_compress35.jpg\" alt=\"\" width=\"369\" height=\"800\" srcset=\"https:\/\/www.cronicasdeitarantim.com.br\/v1\/wp-content\/uploads\/2025\/10\/Screenshot_2025-10-01-22-43-40-054_com.instagram.android_compress35.jpg 369w, https:\/\/www.cronicasdeitarantim.com.br\/v1\/wp-content\/uploads\/2025\/10\/Screenshot_2025-10-01-22-43-40-054_com.instagram.android_compress35-138x300.jpg 138w, https:\/\/www.cronicasdeitarantim.com.br\/v1\/wp-content\/uploads\/2025\/10\/Screenshot_2025-10-01-22-43-40-054_com.instagram.android_compress35-277x600.jpg 277w\" sizes=\"(max-width: 369px) 100vw, 369px\" \/><\/a> <a href=\"https:\/\/www.cronicasdeitarantim.com.br\/v1\/wp-content\/uploads\/2025\/10\/Screenshot_2025-10-01-22-45-30-460_com.instagram.android_compress51.jpg\"><img decoding=\"async\" loading=\"lazy\" class=\"alignnone size-full wp-image-175666\" src=\"https:\/\/www.cronicasdeitarantim.com.br\/v1\/wp-content\/uploads\/2025\/10\/Screenshot_2025-10-01-22-45-30-460_com.instagram.android_compress51.jpg\" alt=\"\" width=\"369\" height=\"800\" srcset=\"https:\/\/www.cronicasdeitarantim.com.br\/v1\/wp-content\/uploads\/2025\/10\/Screenshot_2025-10-01-22-45-30-460_com.instagram.android_compress51.jpg 369w, https:\/\/www.cronicasdeitarantim.com.br\/v1\/wp-content\/uploads\/2025\/10\/Screenshot_2025-10-01-22-45-30-460_com.instagram.android_compress51-138x300.jpg 138w, https:\/\/www.cronicasdeitarantim.com.br\/v1\/wp-content\/uploads\/2025\/10\/Screenshot_2025-10-01-22-45-30-460_com.instagram.android_compress51-277x600.jpg 277w\" sizes=\"(max-width: 369px) 100vw, 369px\" \/><\/a><\/p>\n","protected":false},"excerpt":{"rendered":"<p>Pol\u00edticos da regi\u00e3o e Bahia, como o governador Jer\u00f4nimo Rodrigues, prestaram homenagem atrav\u00e9s de suas\u00a0 ao ex-prefeito de Itapetinga, Michel Hagge, que faleceu nesta quarta-feira, 1\u00ba de outubro. Entre os pol\u00edticos em destaque, est\u00e3o o governador da Bahia, Jer\u00f4nimo Rodrigues (PT), o senador Jaques Wagner, o ex-prefeito de Salvador, ACM Neto, e o ex-ministro e deputado Geddel Vieira Lima. Alguns pol\u00edticos da regi\u00e3o do M\u00e9dio Sudoeste tamb\u00e9m expressaram solidariedade atrav\u00e9s de suas redes sociais. Entre eles, o prefeito de Itarantim, F\u00e1bio Gusm\u00e3o; a prefeita de Maiquinique, Val\u00e9ria Silveira; a prefeita de Macarani e presidenta do Cons\u00f3rcio do M\u00e9dio Sudoeste, Selma [&hellip;]<\/p>\n","protected":false},"author":4,"featured_media":175667,"comment_status":"open","ping_status":"open","sticky":false,"template":"","format":"standard","meta":[],"categories":[1],"tags":[3310,1780,809,495,389,427],"_links":{"self":[{"href":"https:\/\/www.cronicasdeitarantim.com.br\/v1\/wp-json\/wp\/v2\/posts\/175675"}],"collection":[{"href":"https:\/\/www.cronicasdeitarantim.com.br\/v1\/wp-json\/wp\/v2\/posts"}],"about":[{"href":"https:\/\/www.cronicasdeitarantim.com.br\/v1\/wp-json\/wp\/v2\/types\/post"}],"author":[{"embeddable":true,"href":"https:\/\/www.cronicasdeitarantim.com.br\/v1\/wp-json\/wp\/v2\/users\/4"}],"replies":[{"embeddable":true,"href":"https:\/\/www.cronicasdeitarantim.com.br\/v1\/wp-json\/wp\/v2\/comments?post=175675"}],"version-history":[{"count":2,"href":"https:\/\/www.cronicasdeitarantim.com.br\/v1\/wp-json\/wp\/v2\/posts\/175675\/revisions"}],"predecessor-version":[{"id":175677,"href":"https:\/\/www.cronicasdeitarantim.com.br\/v1\/wp-json\/wp\/v2\/posts\/175675\/revisions\/175677"}],"wp:featuredmedia":[{"embeddable":true,"href":"https:\/\/www.cronicasdeitarantim.com.br\/v1\/wp-json\/wp\/v2\/media\/175667"}],"wp:attachment":[{"href":"https:\/\/www.cronicasdeitarantim.com.br\/v1\/wp-json\/wp\/v2\/media?parent=175675"}],"wp:term":[{"taxonomy":"category","embeddable":true,"href":"https:\/\/www.cronicasdeitarantim.com.br\/v1\/wp-json\/wp\/v2\/categories?post=175675"},{"taxonomy":"post_tag","embeddable":true,"href":"https:\/\/www.cronicasdeitarantim.com.br\/v1\/wp-json\/wp\/v2\/tags?post=175675"}],"curies":[{"name":"wp","href":"https:\/\/api.w.org\/{rel}","templated":true}]}}