{"id":175641,"date":"2025-09-30T18:44:11","date_gmt":"2025-09-30T21:44:11","guid":{"rendered":"https:\/\/www.cronicasdeitarantim.com.br\/v1\/?p=175641"},"modified":"2025-09-30T18:44:11","modified_gmt":"2025-09-30T21:44:11","slug":"caminhao-bau-tomba-na-estrada-que-liga-potiragua-ao-distrito-de-gurupa-mirim","status":"publish","type":"post","link":"https:\/\/www.cronicasdeitarantim.com.br\/v1\/2025\/09\/30\/caminhao-bau-tomba-na-estrada-que-liga-potiragua-ao-distrito-de-gurupa-mirim\/","title":{"rendered":"Caminh\u00e3o ba\u00fa tomba na estrada que liga Potiragu\u00e1 ao distrito de Gurup\u00e1-Mirim"},"content":{"rendered":"<h4 data-start=\"98\" data-end=\"388\">Um caminh\u00e3o ba\u00fa tombou na tarde desta ter\u00e7a-feira, 30 de setembro, em um trecho conhecido Ladeira de Alfredo, na estrada que liga Potiragu\u00e1 ao distrito de Gurup\u00e1-Mirim.<\/h4>\n<h4 data-start=\"98\" data-end=\"388\">De acordo com informa\u00e7\u00f5es, o motorista tentou desviar de um buraco. Apesar do tombo em uma localidade considerada perigosa, o motorista sofreu apenas ferimentos leves.<\/h4>\n<h4 data-start=\"98\" data-end=\"388\">V\u00e1rios acidentes j\u00e1 foram registrados nesta localidade. Uma das preocupa\u00e7\u00f5es s\u00e3o os buracos na rodovia.<\/h4>\n<h4 data-start=\"98\" data-end=\"388\"><\/h4>\n","protected":false},"excerpt":{"rendered":"<p>Um caminh\u00e3o ba\u00fa tombou na tarde desta ter\u00e7a-feira, 30 de setembro, em um trecho conhecido Ladeira de Alfredo, na estrada que liga Potiragu\u00e1 ao distrito de Gurup\u00e1-Mirim. De acordo com informa\u00e7\u00f5es, o motorista tentou desviar de um buraco. Apesar do tombo em uma localidade considerada perigosa, o motorista sofreu apenas ferimentos leves. V\u00e1rios acidentes j\u00e1 foram registrados nesta localidade. Uma das preocupa\u00e7\u00f5es s\u00e3o os buracos na rodovia.<\/p>\n","protected":false},"author":4,"featured_media":175643,"comment_status":"open","ping_status":"open","sticky":false,"template":"","format":"standard","meta":[],"categories":[306],"tags":[594,3310,1780,437],"_links":{"self":[{"href":"https:\/\/www.cronicasdeitarantim.com.br\/v1\/wp-json\/wp\/v2\/posts\/175641"}],"collection":[{"href":"https:\/\/www.cronicasdeitarantim.com.br\/v1\/wp-json\/wp\/v2\/posts"}],"about":[{"href":"https:\/\/www.cronicasdeitarantim.com.br\/v1\/wp-json\/wp\/v2\/types\/post"}],"author":[{"embeddable":true,"href":"https:\/\/www.cronicasdeitarantim.com.br\/v1\/wp-json\/wp\/v2\/users\/4"}],"replies":[{"embeddable":true,"href":"https:\/\/www.cronicasdeitarantim.com.br\/v1\/wp-json\/wp\/v2\/comments?post=175641"}],"version-history":[{"count":1,"href":"https:\/\/www.cronicasdeitarantim.com.br\/v1\/wp-json\/wp\/v2\/posts\/175641\/revisions"}],"predecessor-version":[{"id":175642,"href":"https:\/\/www.cronicasdeitarantim.com.br\/v1\/wp-json\/wp\/v2\/posts\/175641\/revisions\/175642"}],"wp:featuredmedia":[{"embeddable":true,"href":"https:\/\/www.cronicasdeitarantim.com.br\/v1\/wp-json\/wp\/v2\/media\/175643"}],"wp:attachment":[{"href":"https:\/\/www.cronicasdeitarantim.com.br\/v1\/wp-json\/wp\/v2\/media?parent=175641"}],"wp:term":[{"taxonomy":"category","embeddable":true,"href":"https:\/\/www.cronicasdeitarantim.com.br\/v1\/wp-json\/wp\/v2\/categories?post=175641"},{"taxonomy":"post_tag","embeddable":true,"href":"https:\/\/www.cronicasdeitarantim.com.br\/v1\/wp-json\/wp\/v2\/tags?post=175641"}],"curies":[{"name":"wp","href":"https:\/\/api.w.org\/{rel}","templated":true}]}}