{"id":175628,"date":"2025-09-30T10:17:16","date_gmt":"2025-09-30T13:17:16","guid":{"rendered":"https:\/\/www.cronicasdeitarantim.com.br\/v1\/?p=175628"},"modified":"2025-09-30T10:17:16","modified_gmt":"2025-09-30T13:17:16","slug":"brasil-lula-veta-trechos-de-projeto-que-alterava-a-lei-da-ficha-limpa","status":"publish","type":"post","link":"https:\/\/www.cronicasdeitarantim.com.br\/v1\/2025\/09\/30\/brasil-lula-veta-trechos-de-projeto-que-alterava-a-lei-da-ficha-limpa\/","title":{"rendered":"Brasil: Lula veta trechos de projeto que alterava a Lei da Ficha Limpa"},"content":{"rendered":"<div class=\"styles__Body-sc-1ffquwr-7 ePhtZb\">\n<h4>O presidente Luiz In\u00e1cio Lula da Silva (PT) vetou, nesta segunda-feira, 29 de setembro, dois pontos do projeto aprovado pelo Congresso que alterava a Lei da Ficha Limpa. A proposta, que ser\u00e1 publicada no Di\u00e1rio Oficial da Uni\u00e3o nesta ter\u00e7a (30), previa a redu\u00e7\u00e3o do tempo de inelegibilidade de pol\u00edticos cassados e autorizava que a contagem da puni\u00e7\u00e3o come\u00e7asse a partir da condena\u00e7\u00e3o em \u00f3rg\u00e3o colegiado, e n\u00e3o ap\u00f3s o t\u00e9rmino do mandato.<\/h4>\n<h4>A decis\u00e3o de Lula seguiu recomenda\u00e7\u00f5es da Advocacia-Geral da Uni\u00e3o (AGU) e do Minist\u00e9rio da Justi\u00e7a, que classificaram os trechos como inconstitucionais e prejudiciais ao combate \u00e0 corrup\u00e7\u00e3o. Os pareceres ressaltaram que a proposta enfraqueceria avan\u00e7os promovidos pela Lei da Ficha Limpa, sancionada em 2010, e comprometeria a integridade do sistema pol\u00edtico-eleitoral brasileiro.<\/h4>\n<h4>O projeto aprovado pelos parlamentares unificava os prazos de inelegibilidade em oito anos, com teto de 12 anos para casos de m\u00faltiplas condena\u00e7\u00f5es. Crimes graves como corrup\u00e7\u00e3o, lavagem de dinheiro e participa\u00e7\u00e3o em organiza\u00e7\u00f5es criminosas manteriam a inelegibilidade desde a condena\u00e7\u00e3o at\u00e9 oito anos ap\u00f3s o cumprimento da pena. O veto presidencial ser\u00e1 agora analisado pelo Congresso, que poder\u00e1 mant\u00ea-lo ou derrub\u00e1-lo em sess\u00e3o conjunta, reacendendo o embate entre Executivo e Legislativo sobre os limites da lei.<\/h4>\n<\/div>\n","protected":false},"excerpt":{"rendered":"<p>O presidente Luiz In\u00e1cio Lula da Silva (PT) vetou, nesta segunda-feira, 29 de setembro, dois pontos do projeto aprovado pelo Congresso que alterava a Lei da Ficha Limpa. A proposta, que ser\u00e1 publicada no Di\u00e1rio Oficial da Uni\u00e3o nesta ter\u00e7a (30), previa a redu\u00e7\u00e3o do tempo de inelegibilidade de pol\u00edticos cassados e autorizava que a contagem da puni\u00e7\u00e3o come\u00e7asse a partir da condena\u00e7\u00e3o em \u00f3rg\u00e3o colegiado, e n\u00e3o ap\u00f3s o t\u00e9rmino do mandato. A decis\u00e3o de Lula seguiu recomenda\u00e7\u00f5es da Advocacia-Geral da Uni\u00e3o (AGU) e do Minist\u00e9rio da Justi\u00e7a, que classificaram os trechos como inconstitucionais e prejudiciais ao combate \u00e0 [&hellip;]<\/p>\n","protected":false},"author":4,"featured_media":174962,"comment_status":"open","ping_status":"open","sticky":false,"template":"","format":"standard","meta":[],"categories":[296],"tags":[3310,433,422,1780,3532],"_links":{"self":[{"href":"https:\/\/www.cronicasdeitarantim.com.br\/v1\/wp-json\/wp\/v2\/posts\/175628"}],"collection":[{"href":"https:\/\/www.cronicasdeitarantim.com.br\/v1\/wp-json\/wp\/v2\/posts"}],"about":[{"href":"https:\/\/www.cronicasdeitarantim.com.br\/v1\/wp-json\/wp\/v2\/types\/post"}],"author":[{"embeddable":true,"href":"https:\/\/www.cronicasdeitarantim.com.br\/v1\/wp-json\/wp\/v2\/users\/4"}],"replies":[{"embeddable":true,"href":"https:\/\/www.cronicasdeitarantim.com.br\/v1\/wp-json\/wp\/v2\/comments?post=175628"}],"version-history":[{"count":1,"href":"https:\/\/www.cronicasdeitarantim.com.br\/v1\/wp-json\/wp\/v2\/posts\/175628\/revisions"}],"predecessor-version":[{"id":175629,"href":"https:\/\/www.cronicasdeitarantim.com.br\/v1\/wp-json\/wp\/v2\/posts\/175628\/revisions\/175629"}],"wp:featuredmedia":[{"embeddable":true,"href":"https:\/\/www.cronicasdeitarantim.com.br\/v1\/wp-json\/wp\/v2\/media\/174962"}],"wp:attachment":[{"href":"https:\/\/www.cronicasdeitarantim.com.br\/v1\/wp-json\/wp\/v2\/media?parent=175628"}],"wp:term":[{"taxonomy":"category","embeddable":true,"href":"https:\/\/www.cronicasdeitarantim.com.br\/v1\/wp-json\/wp\/v2\/categories?post=175628"},{"taxonomy":"post_tag","embeddable":true,"href":"https:\/\/www.cronicasdeitarantim.com.br\/v1\/wp-json\/wp\/v2\/tags?post=175628"}],"curies":[{"name":"wp","href":"https:\/\/api.w.org\/{rel}","templated":true}]}}