{"id":175603,"date":"2025-09-28T23:18:49","date_gmt":"2025-09-29T02:18:49","guid":{"rendered":"https:\/\/www.cronicasdeitarantim.com.br\/v1\/?p=175603"},"modified":"2025-09-28T23:22:37","modified_gmt":"2025-09-29T02:22:37","slug":"maiquinique-grave-acidente-na-noite-deste-domingo-entre-carro-e-moto","status":"publish","type":"post","link":"https:\/\/www.cronicasdeitarantim.com.br\/v1\/2025\/09\/28\/maiquinique-grave-acidente-na-noite-deste-domingo-entre-carro-e-moto\/","title":{"rendered":"Maiquinique: Grave acidente na noite deste domingo entre carro e moto"},"content":{"rendered":"<h4>Um grave acidente foi registrado na noite deste domingo, 28 de setembro, na cidade de Maiquinique, na BA 270, pr\u00f3ximo ao posto Cambu\u00ed, na sa\u00edda para Itarantim.<\/h4>\n<h4>De acordo com informa\u00e7\u00f5es colhidas pelo site Cr\u00f4nicas de Itarantim, uma moto com uma mulher na garupa colidiu com um carro de passeio.<\/h4>\n<h4>O impacto foi t\u00e3o forte que ambos os ve\u00edculos ficaram destru\u00eddos. A mulher foi levada ao hospital com ferimentos; no entanto, n\u00e3o temos informa\u00e7\u00f5es sobre seu estado de sa\u00fade nem sobre a situa\u00e7\u00e3o do condutor da moto e do carro.<\/h4>\n<p><a href=\"https:\/\/www.cronicasdeitarantim.com.br\/v1\/wp-content\/uploads\/2025\/09\/IMG-20250928-WA1831_compress84.jpg\"><img decoding=\"async\" loading=\"lazy\" class=\"alignnone size-full wp-image-175600\" src=\"https:\/\/www.cronicasdeitarantim.com.br\/v1\/wp-content\/uploads\/2025\/09\/IMG-20250928-WA1831_compress84.jpg\" alt=\"\" width=\"730\" height=\"730\" srcset=\"https:\/\/www.cronicasdeitarantim.com.br\/v1\/wp-content\/uploads\/2025\/09\/IMG-20250928-WA1831_compress84.jpg 730w, https:\/\/www.cronicasdeitarantim.com.br\/v1\/wp-content\/uploads\/2025\/09\/IMG-20250928-WA1831_compress84-300x300.jpg 300w, https:\/\/www.cronicasdeitarantim.com.br\/v1\/wp-content\/uploads\/2025\/09\/IMG-20250928-WA1831_compress84-150x150.jpg 150w, https:\/\/www.cronicasdeitarantim.com.br\/v1\/wp-content\/uploads\/2025\/09\/IMG-20250928-WA1831_compress84-130x130.jpg 130w, https:\/\/www.cronicasdeitarantim.com.br\/v1\/wp-content\/uploads\/2025\/09\/IMG-20250928-WA1831_compress84-400x400.jpg 400w, https:\/\/www.cronicasdeitarantim.com.br\/v1\/wp-content\/uploads\/2025\/09\/IMG-20250928-WA1831_compress84-600x600.jpg 600w\" sizes=\"(max-width: 730px) 100vw, 730px\" \/><\/a><\/p>\n<p><a href=\"https:\/\/www.cronicasdeitarantim.com.br\/v1\/wp-content\/uploads\/2025\/09\/IMG-20250928-WA1832_compress55.jpg\"><img decoding=\"async\" loading=\"lazy\" class=\"alignnone size-full wp-image-175602\" src=\"https:\/\/www.cronicasdeitarantim.com.br\/v1\/wp-content\/uploads\/2025\/09\/IMG-20250928-WA1832_compress55.jpg\" alt=\"\" width=\"450\" height=\"800\" srcset=\"https:\/\/www.cronicasdeitarantim.com.br\/v1\/wp-content\/uploads\/2025\/09\/IMG-20250928-WA1832_compress55.jpg 450w, https:\/\/www.cronicasdeitarantim.com.br\/v1\/wp-content\/uploads\/2025\/09\/IMG-20250928-WA1832_compress55-169x300.jpg 169w, https:\/\/www.cronicasdeitarantim.com.br\/v1\/wp-content\/uploads\/2025\/09\/IMG-20250928-WA1832_compress55-400x711.jpg 400w, https:\/\/www.cronicasdeitarantim.com.br\/v1\/wp-content\/uploads\/2025\/09\/IMG-20250928-WA1832_compress55-338x600.jpg 338w\" sizes=\"(max-width: 450px) 100vw, 450px\" \/><\/a><\/p>\n","protected":false},"excerpt":{"rendered":"<p>Um grave acidente foi registrado na noite deste domingo, 28 de setembro, na cidade de Maiquinique, na BA 270, pr\u00f3ximo ao posto Cambu\u00ed, na sa\u00edda para Itarantim. De acordo com informa\u00e7\u00f5es colhidas pelo site Cr\u00f4nicas de Itarantim, uma moto com uma mulher na garupa colidiu com um carro de passeio. O impacto foi t\u00e3o forte que ambos os ve\u00edculos ficaram destru\u00eddos. A mulher foi levada ao hospital com ferimentos; no entanto, n\u00e3o temos informa\u00e7\u00f5es sobre seu estado de sa\u00fade nem sobre a situa\u00e7\u00e3o do condutor da moto e do carro.<\/p>\n","protected":false},"author":4,"featured_media":175601,"comment_status":"open","ping_status":"open","sticky":false,"template":"","format":"standard","meta":[],"categories":[306],"tags":[594,3310,1780,392],"_links":{"self":[{"href":"https:\/\/www.cronicasdeitarantim.com.br\/v1\/wp-json\/wp\/v2\/posts\/175603"}],"collection":[{"href":"https:\/\/www.cronicasdeitarantim.com.br\/v1\/wp-json\/wp\/v2\/posts"}],"about":[{"href":"https:\/\/www.cronicasdeitarantim.com.br\/v1\/wp-json\/wp\/v2\/types\/post"}],"author":[{"embeddable":true,"href":"https:\/\/www.cronicasdeitarantim.com.br\/v1\/wp-json\/wp\/v2\/users\/4"}],"replies":[{"embeddable":true,"href":"https:\/\/www.cronicasdeitarantim.com.br\/v1\/wp-json\/wp\/v2\/comments?post=175603"}],"version-history":[{"count":2,"href":"https:\/\/www.cronicasdeitarantim.com.br\/v1\/wp-json\/wp\/v2\/posts\/175603\/revisions"}],"predecessor-version":[{"id":175605,"href":"https:\/\/www.cronicasdeitarantim.com.br\/v1\/wp-json\/wp\/v2\/posts\/175603\/revisions\/175605"}],"wp:featuredmedia":[{"embeddable":true,"href":"https:\/\/www.cronicasdeitarantim.com.br\/v1\/wp-json\/wp\/v2\/media\/175601"}],"wp:attachment":[{"href":"https:\/\/www.cronicasdeitarantim.com.br\/v1\/wp-json\/wp\/v2\/media?parent=175603"}],"wp:term":[{"taxonomy":"category","embeddable":true,"href":"https:\/\/www.cronicasdeitarantim.com.br\/v1\/wp-json\/wp\/v2\/categories?post=175603"},{"taxonomy":"post_tag","embeddable":true,"href":"https:\/\/www.cronicasdeitarantim.com.br\/v1\/wp-json\/wp\/v2\/tags?post=175603"}],"curies":[{"name":"wp","href":"https:\/\/api.w.org\/{rel}","templated":true}]}}