{"id":175597,"date":"2025-09-27T23:25:30","date_gmt":"2025-09-28T02:25:30","guid":{"rendered":"https:\/\/www.cronicasdeitarantim.com.br\/v1\/?p=175597"},"modified":"2025-09-27T23:25:30","modified_gmt":"2025-09-28T02:25:30","slug":"jovem-de-24-anos-e-preso-por-tentar-matar-a-propria-mae-em-santo-estevao","status":"publish","type":"post","link":"https:\/\/www.cronicasdeitarantim.com.br\/v1\/2025\/09\/27\/jovem-de-24-anos-e-preso-por-tentar-matar-a-propria-mae-em-santo-estevao\/","title":{"rendered":"Jovem de 24 anos \u00e9 preso por tentar matar a pr\u00f3pria m\u00e3e em Santo Estev\u00e3o"},"content":{"rendered":"<article id=\"post-241384\" class=\"post-241384 post type-post status-publish format-standard has-post-thumbnail hentry category-bahia\">\n<div class=\"container-post\">\n<div class=\"entry-content\">\n<h4>Um homem de 24 anos foi preso em flagrante na manh\u00e3 da \u00faltima sexta-feira (26) sob a acusa\u00e7\u00e3o de tentativa de homic\u00eddio contra a pr\u00f3pria m\u00e3e, de 45 anos. A pris\u00e3o foi realizada pela Pol\u00edcia Civil, por meio do N\u00facleo Especial de Atendimento \u00e0 Mulher (NEAM), com o apoio da Delegacia Territorial (DT) de Santo Est\u00eav\u00e3o.<\/h4>\n<h4>O crime ocorreu na resid\u00eancia da fam\u00edlia, no munic\u00edpio. De acordo com as investiga\u00e7\u00f5es, a v\u00edtima conseguiu pedir ajuda a familiares pr\u00f3ximos, que intervieram rapidamente e conseguiram conter o agressor at\u00e9 a chegada das autoridades. Durante a tentativa de conten\u00e7\u00e3o, os parentes tamb\u00e9m teriam sido agredidos pelo suspeito.<\/h4>\n<h4>Ap\u00f3s tomar conhecimento do caso, a equipe da Pol\u00edcia Civil iniciou as dilig\u00eancias e conseguiu localizar o homem em via p\u00fablica. Ele foi prontamente detido e conduzido \u00e0 unidade policial. O indiv\u00edduo passou pelos exames periciais necess\u00e1rios e foi autuado em flagrante por tentativa de homic\u00eddio. Ele permanece custodiado na delegacia, \u00e0 disposi\u00e7\u00e3o da Justi\u00e7a, aguardando as medidas cab\u00edveis.<\/h4>\n<\/div>\n<footer class=\"entry-footer\"><\/footer>\n<\/div>\n<\/article>\n<div class=\"my-2\"><\/div>\n<article id=\"post-241380\" class=\"post-241380 post type-post status-publish format-standard has-post-thumbnail hentry category-noticias\">\n<div class=\"container-post\"><\/div>\n<\/article>\n","protected":false},"excerpt":{"rendered":"<p>Um homem de 24 anos foi preso em flagrante na manh\u00e3 da \u00faltima sexta-feira (26) sob a acusa\u00e7\u00e3o de tentativa de homic\u00eddio contra a pr\u00f3pria m\u00e3e, de 45 anos. A pris\u00e3o foi realizada pela Pol\u00edcia Civil, por meio do N\u00facleo Especial de Atendimento \u00e0 Mulher (NEAM), com o apoio da Delegacia Territorial (DT) de Santo Est\u00eav\u00e3o. O crime ocorreu na resid\u00eancia da fam\u00edlia, no munic\u00edpio. De acordo com as investiga\u00e7\u00f5es, a v\u00edtima conseguiu pedir ajuda a familiares pr\u00f3ximos, que intervieram rapidamente e conseguiram conter o agressor at\u00e9 a chegada das autoridades. Durante a tentativa de conten\u00e7\u00e3o, os parentes tamb\u00e9m teriam [&hellip;]<\/p>\n","protected":false},"author":4,"featured_media":175598,"comment_status":"open","ping_status":"open","sticky":false,"template":"","format":"standard","meta":[],"categories":[306],"tags":[76,3310,1780,444],"_links":{"self":[{"href":"https:\/\/www.cronicasdeitarantim.com.br\/v1\/wp-json\/wp\/v2\/posts\/175597"}],"collection":[{"href":"https:\/\/www.cronicasdeitarantim.com.br\/v1\/wp-json\/wp\/v2\/posts"}],"about":[{"href":"https:\/\/www.cronicasdeitarantim.com.br\/v1\/wp-json\/wp\/v2\/types\/post"}],"author":[{"embeddable":true,"href":"https:\/\/www.cronicasdeitarantim.com.br\/v1\/wp-json\/wp\/v2\/users\/4"}],"replies":[{"embeddable":true,"href":"https:\/\/www.cronicasdeitarantim.com.br\/v1\/wp-json\/wp\/v2\/comments?post=175597"}],"version-history":[{"count":1,"href":"https:\/\/www.cronicasdeitarantim.com.br\/v1\/wp-json\/wp\/v2\/posts\/175597\/revisions"}],"predecessor-version":[{"id":175599,"href":"https:\/\/www.cronicasdeitarantim.com.br\/v1\/wp-json\/wp\/v2\/posts\/175597\/revisions\/175599"}],"wp:featuredmedia":[{"embeddable":true,"href":"https:\/\/www.cronicasdeitarantim.com.br\/v1\/wp-json\/wp\/v2\/media\/175598"}],"wp:attachment":[{"href":"https:\/\/www.cronicasdeitarantim.com.br\/v1\/wp-json\/wp\/v2\/media?parent=175597"}],"wp:term":[{"taxonomy":"category","embeddable":true,"href":"https:\/\/www.cronicasdeitarantim.com.br\/v1\/wp-json\/wp\/v2\/categories?post=175597"},{"taxonomy":"post_tag","embeddable":true,"href":"https:\/\/www.cronicasdeitarantim.com.br\/v1\/wp-json\/wp\/v2\/tags?post=175597"}],"curies":[{"name":"wp","href":"https:\/\/api.w.org\/{rel}","templated":true}]}}