{"id":175566,"date":"2025-09-24T20:34:48","date_gmt":"2025-09-24T23:34:48","guid":{"rendered":"https:\/\/www.cronicasdeitarantim.com.br\/v1\/?p=175566"},"modified":"2025-09-24T20:34:48","modified_gmt":"2025-09-24T23:34:48","slug":"prefeita-de-maiquinique-valeria-silveira-se-manifesta-sobre-cassacao-afirmando-que-nao-houve-irregularidades","status":"publish","type":"post","link":"https:\/\/www.cronicasdeitarantim.com.br\/v1\/2025\/09\/24\/prefeita-de-maiquinique-valeria-silveira-se-manifesta-sobre-cassacao-afirmando-que-nao-houve-irregularidades\/","title":{"rendered":"Prefeita de Maiquinique, Val\u00e9ria Silveira, se manifesta sobre cassa\u00e7\u00e3o afirmando que n\u00e3o houve irregularidades"},"content":{"rendered":"<h4>A prefeita da cidade de Maiquinique, Val\u00e9ria Silveira (PV), e seu vice, Kayke Jardim, recentemente tiveram seus mandatos cassados pela Justi\u00e7a Eleitoral da 91\u00aa Zona, de Macarani. Nesta quarta-feira, 24 de setembro, Val\u00e9ria se manifestou sobre a situa\u00e7\u00e3o.<\/h4>\n<h4>Em sua declara\u00e7\u00e3o atrav\u00e9s de uma nota, a prefeita afirmou que n\u00e3o houve qualquer pr\u00e1tica de m\u00e1 conduta, irregularidade ou desvio de finalidade durante sua gest\u00e3o. Ela questionou a interpreta\u00e7\u00e3o da ju\u00edza Dr\u00aa Giselle de F\u00e1tima Cunha Ribeiro Guimar\u00e3es, respons\u00e1vel pela senten\u00e7a que determinou sua cassa\u00e7\u00e3o.<\/h4>\n<h4>Atualmente, Val\u00e9ria e Kayke permanecem em seus cargos e ir\u00e3o recorrer da senten\u00e7a ao Tribunal Regional Eleitoral da Bahia (TRE-BA).<\/h4>\n<h4>A decis\u00e3o da Justi\u00e7a n\u00e3o possui execu\u00e7\u00e3o imediata, uma vez que se trata de uma A\u00e7\u00e3o de Investiga\u00e7\u00e3o Judicial Eleitoral (AIJE). Caso n\u00e3o obtenham sucesso no TRE-BA, eles ainda poder\u00e3o recorrer ao Tribunal Superior Eleitoral (TSE), a \u00faltima inst\u00e2ncia da Justi\u00e7a.<\/h4>\n<h4>Vale ressaltar que Maiquinique j\u00e1 enfrentou uma situa\u00e7\u00e3o semelhante, com a cassa\u00e7\u00e3o do ex-prefeito Jesulino Porto, eleito em 2020 e destitu\u00eddo dois anos depois. Se a prefeita Val\u00e9ria for cassada de forma definitiva, o munic\u00edpio ter\u00e1 registrado a cassa\u00e7\u00e3o de dois prefeitos em um curto espa\u00e7o de tempo.<\/h4>\n<h4>O vice-prefeito tamb\u00e9m se manifestou sobre o assunto em uma rede social.<\/h4>\n<div>\n<div id=\"0DE9E47C-871A-4F90-8440-B190C216800A_1\" class=\"mcafee_green\" tabindex=\"0\"><\/div>\n<\/div>\n<p><a class=\"zReHs\" href=\"https:\/\/www.jusbrasil.com.br\/busca?q=dr%C2%AA+giselle+de+f%C3%A1tima+cunha+ribeiro+guimar%C3%A3es\" data-ved=\"2ahUKEwjS19_twPKPAxWELLkGHacYOmUQFnoECBgQAQ\">\u00a0<\/a><\/p>\n<div class=\"notranslate ESMNde HGLrXd ojE3Fb\">\n<div class=\"q0vns\">\n<div class=\"eqA2re UnOTSe Vwoesf\" aria-hidden=\"true\"><\/div>\n<\/div>\n<\/div>\n<p>&nbsp;<\/p>\n","protected":false},"excerpt":{"rendered":"<p>A prefeita da cidade de Maiquinique, Val\u00e9ria Silveira (PV), e seu vice, Kayke Jardim, recentemente tiveram seus mandatos cassados pela Justi\u00e7a Eleitoral da 91\u00aa Zona, de Macarani. Nesta quarta-feira, 24 de setembro, Val\u00e9ria se manifestou sobre a situa\u00e7\u00e3o. Em sua declara\u00e7\u00e3o atrav\u00e9s de uma nota, a prefeita afirmou que n\u00e3o houve qualquer pr\u00e1tica de m\u00e1 conduta, irregularidade ou desvio de finalidade durante sua gest\u00e3o. Ela questionou a interpreta\u00e7\u00e3o da ju\u00edza Dr\u00aa Giselle de F\u00e1tima Cunha Ribeiro Guimar\u00e3es, respons\u00e1vel pela senten\u00e7a que determinou sua cassa\u00e7\u00e3o. Atualmente, Val\u00e9ria e Kayke permanecem em seus cargos e ir\u00e3o recorrer da senten\u00e7a ao Tribunal Regional [&hellip;]<\/p>\n","protected":false},"author":4,"featured_media":175567,"comment_status":"open","ping_status":"open","sticky":false,"template":"","format":"standard","meta":[],"categories":[304],"tags":[3310,3292,1780,392,2546],"_links":{"self":[{"href":"https:\/\/www.cronicasdeitarantim.com.br\/v1\/wp-json\/wp\/v2\/posts\/175566"}],"collection":[{"href":"https:\/\/www.cronicasdeitarantim.com.br\/v1\/wp-json\/wp\/v2\/posts"}],"about":[{"href":"https:\/\/www.cronicasdeitarantim.com.br\/v1\/wp-json\/wp\/v2\/types\/post"}],"author":[{"embeddable":true,"href":"https:\/\/www.cronicasdeitarantim.com.br\/v1\/wp-json\/wp\/v2\/users\/4"}],"replies":[{"embeddable":true,"href":"https:\/\/www.cronicasdeitarantim.com.br\/v1\/wp-json\/wp\/v2\/comments?post=175566"}],"version-history":[{"count":1,"href":"https:\/\/www.cronicasdeitarantim.com.br\/v1\/wp-json\/wp\/v2\/posts\/175566\/revisions"}],"predecessor-version":[{"id":175568,"href":"https:\/\/www.cronicasdeitarantim.com.br\/v1\/wp-json\/wp\/v2\/posts\/175566\/revisions\/175568"}],"wp:featuredmedia":[{"embeddable":true,"href":"https:\/\/www.cronicasdeitarantim.com.br\/v1\/wp-json\/wp\/v2\/media\/175567"}],"wp:attachment":[{"href":"https:\/\/www.cronicasdeitarantim.com.br\/v1\/wp-json\/wp\/v2\/media?parent=175566"}],"wp:term":[{"taxonomy":"category","embeddable":true,"href":"https:\/\/www.cronicasdeitarantim.com.br\/v1\/wp-json\/wp\/v2\/categories?post=175566"},{"taxonomy":"post_tag","embeddable":true,"href":"https:\/\/www.cronicasdeitarantim.com.br\/v1\/wp-json\/wp\/v2\/tags?post=175566"}],"curies":[{"name":"wp","href":"https:\/\/api.w.org\/{rel}","templated":true}]}}