{"id":175553,"date":"2025-09-24T11:02:22","date_gmt":"2025-09-24T14:02:22","guid":{"rendered":"https:\/\/www.cronicasdeitarantim.com.br\/v1\/?p=175553"},"modified":"2025-09-24T11:09:08","modified_gmt":"2025-09-24T14:09:08","slug":"prf-leva-palestra-de-seguranca-viaria-a-colaboradores-da-sirtec-em-vitoria-da-conquista-ba","status":"publish","type":"post","link":"https:\/\/www.cronicasdeitarantim.com.br\/v1\/2025\/09\/24\/prf-leva-palestra-de-seguranca-viaria-a-colaboradores-da-sirtec-em-vitoria-da-conquista-ba\/","title":{"rendered":"PRF leva palestra de seguran\u00e7a vi\u00e1ria a colaboradores da Sirtec em Vit\u00f3ria da Conquista (BA)"},"content":{"rendered":"<div id=\"content-core\">\n<div id=\"parent-fieldname-text\" class=\"\">\n<p data-start=\"212\" data-end=\"627\">APol\u00edcia Rodovi\u00e1ria Federal (PRF) participou, na manh\u00e3 desta \u00faltima ter\u00e7a-feira, 23 de setembro, da Semana Interna de Preven\u00e7\u00e3o de Acidentes de Trabalho (SIPAT) promovida pela empresa Sirtec, que atua no setor de energia el\u00e9trica. A iniciativa integrou as atividades da Semana Nacional de Tr\u00e2nsito, que neste ano refor\u00e7a a valoriza\u00e7\u00e3o da vida e a ado\u00e7\u00e3o de comportamentos seguros nas vias.<\/p>\n<p data-start=\"629\" data-end=\"879\">Durante a a\u00e7\u00e3o, os policiais rodovi\u00e1rios federais ministraram uma palestra voltada para a seguran\u00e7a vi\u00e1ria e preven\u00e7\u00e3o de acidentes, com foco em temas como dire\u00e7\u00e3o defensiva, respeito \u00e0s normas de circula\u00e7\u00e3o e atitudes respons\u00e1veis no tr\u00e2nsito.<\/p>\n<p data-start=\"881\" data-end=\"1057\">Ao todo, 121 colaboradores da empresa foram alcan\u00e7ados com as orienta\u00e7\u00f5es, participando ativamente do encontro e tirando d\u00favidas sobre situa\u00e7\u00f5es do dia a dia no tr\u00e2nsito.<\/p>\n<p data-start=\"1059\" data-end=\"1284\">Com a\u00e7\u00f5es como essa, a PRF mostra que a seguran\u00e7a no tr\u00e2nsito vai al\u00e9m da fiscaliza\u00e7\u00e3o: \u00e9 tamb\u00e9m sobre transformar comportamentos e salvar vidas. Cada pessoa conscientizada torna-se um multiplicador de boas pr\u00e1ticas, ajudando a construir um tr\u00e2nsito mais humano, respons\u00e1vel e seguro para todos.<\/p>\n<div id=\":rm\" class=\"Am aiL Al editable LW-avf tS-tW tS-tY\" tabindex=\"1\" role=\"textbox\" contenteditable=\"true\" spellcheck=\"false\" aria-label=\"Corpo da mensagem\" aria-multiline=\"true\" aria-owns=\":u0\" aria-controls=\":u0\" aria-expanded=\"false\">\n<p>A palestra foi ministrada por um itarantiense, F\u00e1bio Nascimento, que \u00e9 irm\u00e3o do vereador L\u00e9o Ferreira. F\u00e1bio est\u00e1 na Pol\u00edcia Rodovi\u00e1ria Federal j\u00e1 h\u00e1 4 anos e atuou nos Estados do Par\u00e1, Minas Gerais e agora em Vit\u00f3ria da Conquista.<\/p>\n<p><a href=\"https:\/\/www.cronicasdeitarantim.com.br\/v1\/wp-content\/uploads\/2025\/09\/IMG-20250923-WA1630.jpg\"><img decoding=\"async\" loading=\"lazy\" class=\"alignnone size-full wp-image-175560\" src=\"https:\/\/www.cronicasdeitarantim.com.br\/v1\/wp-content\/uploads\/2025\/09\/IMG-20250923-WA1630.jpg\" alt=\"\" width=\"600\" height=\"800\" srcset=\"https:\/\/www.cronicasdeitarantim.com.br\/v1\/wp-content\/uploads\/2025\/09\/IMG-20250923-WA1630.jpg 600w, https:\/\/www.cronicasdeitarantim.com.br\/v1\/wp-content\/uploads\/2025\/09\/IMG-20250923-WA1630-225x300.jpg 225w, https:\/\/www.cronicasdeitarantim.com.br\/v1\/wp-content\/uploads\/2025\/09\/IMG-20250923-WA1630-400x533.jpg 400w, https:\/\/www.cronicasdeitarantim.com.br\/v1\/wp-content\/uploads\/2025\/09\/IMG-20250923-WA1630-450x600.jpg 450w\" sizes=\"(max-width: 600px) 100vw, 600px\" \/><\/a> <a href=\"https:\/\/www.cronicasdeitarantim.com.br\/v1\/wp-content\/uploads\/2025\/09\/IMG-20250923-WA1631.jpg\"><img decoding=\"async\" loading=\"lazy\" class=\"alignnone size-full wp-image-175559\" src=\"https:\/\/www.cronicasdeitarantim.com.br\/v1\/wp-content\/uploads\/2025\/09\/IMG-20250923-WA1631.jpg\" alt=\"\" width=\"600\" height=\"800\" srcset=\"https:\/\/www.cronicasdeitarantim.com.br\/v1\/wp-content\/uploads\/2025\/09\/IMG-20250923-WA1631.jpg 600w, https:\/\/www.cronicasdeitarantim.com.br\/v1\/wp-content\/uploads\/2025\/09\/IMG-20250923-WA1631-225x300.jpg 225w, https:\/\/www.cronicasdeitarantim.com.br\/v1\/wp-content\/uploads\/2025\/09\/IMG-20250923-WA1631-400x533.jpg 400w, https:\/\/www.cronicasdeitarantim.com.br\/v1\/wp-content\/uploads\/2025\/09\/IMG-20250923-WA1631-450x600.jpg 450w\" sizes=\"(max-width: 600px) 100vw, 600px\" \/><\/a> <a href=\"https:\/\/www.cronicasdeitarantim.com.br\/v1\/wp-content\/uploads\/2025\/09\/IMG-20250923-WA1629_compress46.jpg\"><img decoding=\"async\" loading=\"lazy\" class=\"alignnone size-full wp-image-175558\" src=\"https:\/\/www.cronicasdeitarantim.com.br\/v1\/wp-content\/uploads\/2025\/09\/IMG-20250923-WA1629_compress46.jpg\" alt=\"\" width=\"730\" height=\"548\" srcset=\"https:\/\/www.cronicasdeitarantim.com.br\/v1\/wp-content\/uploads\/2025\/09\/IMG-20250923-WA1629_compress46.jpg 730w, https:\/\/www.cronicasdeitarantim.com.br\/v1\/wp-content\/uploads\/2025\/09\/IMG-20250923-WA1629_compress46-300x225.jpg 300w, https:\/\/www.cronicasdeitarantim.com.br\/v1\/wp-content\/uploads\/2025\/09\/IMG-20250923-WA1629_compress46-400x300.jpg 400w\" sizes=\"(max-width: 730px) 100vw, 730px\" \/><\/a> <a href=\"https:\/\/www.cronicasdeitarantim.com.br\/v1\/wp-content\/uploads\/2025\/09\/IMG-20250923-WA1628_compress68.jpg\"><img decoding=\"async\" loading=\"lazy\" class=\"alignnone size-full wp-image-175557\" src=\"https:\/\/www.cronicasdeitarantim.com.br\/v1\/wp-content\/uploads\/2025\/09\/IMG-20250923-WA1628_compress68.jpg\" alt=\"\" width=\"730\" height=\"548\" srcset=\"https:\/\/www.cronicasdeitarantim.com.br\/v1\/wp-content\/uploads\/2025\/09\/IMG-20250923-WA1628_compress68.jpg 730w, https:\/\/www.cronicasdeitarantim.com.br\/v1\/wp-content\/uploads\/2025\/09\/IMG-20250923-WA1628_compress68-300x225.jpg 300w, https:\/\/www.cronicasdeitarantim.com.br\/v1\/wp-content\/uploads\/2025\/09\/IMG-20250923-WA1628_compress68-400x300.jpg 400w\" sizes=\"(max-width: 730px) 100vw, 730px\" \/><\/a> <a href=\"https:\/\/www.cronicasdeitarantim.com.br\/v1\/wp-content\/uploads\/2025\/09\/2332d7b158534be18b1ae0f48ac3696a_compress54.jpg\"><img decoding=\"async\" loading=\"lazy\" class=\"alignnone size-full wp-image-175556\" src=\"https:\/\/www.cronicasdeitarantim.com.br\/v1\/wp-content\/uploads\/2025\/09\/2332d7b158534be18b1ae0f48ac3696a_compress54.jpg\" alt=\"\" width=\"600\" height=\"800\" srcset=\"https:\/\/www.cronicasdeitarantim.com.br\/v1\/wp-content\/uploads\/2025\/09\/2332d7b158534be18b1ae0f48ac3696a_compress54.jpg 600w, https:\/\/www.cronicasdeitarantim.com.br\/v1\/wp-content\/uploads\/2025\/09\/2332d7b158534be18b1ae0f48ac3696a_compress54-225x300.jpg 225w, https:\/\/www.cronicasdeitarantim.com.br\/v1\/wp-content\/uploads\/2025\/09\/2332d7b158534be18b1ae0f48ac3696a_compress54-400x533.jpg 400w, https:\/\/www.cronicasdeitarantim.com.br\/v1\/wp-content\/uploads\/2025\/09\/2332d7b158534be18b1ae0f48ac3696a_compress54-450x600.jpg 450w\" sizes=\"(max-width: 600px) 100vw, 600px\" \/><\/a> <a href=\"https:\/\/www.cronicasdeitarantim.com.br\/v1\/wp-content\/uploads\/2025\/09\/IMG-20250923-WA1627_compress50.jpg\"><img decoding=\"async\" loading=\"lazy\" class=\"alignnone size-full wp-image-175555\" src=\"https:\/\/www.cronicasdeitarantim.com.br\/v1\/wp-content\/uploads\/2025\/09\/IMG-20250923-WA1627_compress50.jpg\" alt=\"\" width=\"600\" height=\"800\" srcset=\"https:\/\/www.cronicasdeitarantim.com.br\/v1\/wp-content\/uploads\/2025\/09\/IMG-20250923-WA1627_compress50.jpg 600w, https:\/\/www.cronicasdeitarantim.com.br\/v1\/wp-content\/uploads\/2025\/09\/IMG-20250923-WA1627_compress50-225x300.jpg 225w, https:\/\/www.cronicasdeitarantim.com.br\/v1\/wp-content\/uploads\/2025\/09\/IMG-20250923-WA1627_compress50-400x533.jpg 400w, https:\/\/www.cronicasdeitarantim.com.br\/v1\/wp-content\/uploads\/2025\/09\/IMG-20250923-WA1627_compress50-450x600.jpg 450w\" sizes=\"(max-width: 600px) 100vw, 600px\" \/><\/a> <a href=\"https:\/\/www.cronicasdeitarantim.com.br\/v1\/wp-content\/uploads\/2025\/09\/IMG-20250923-WA1626_compress63.jpg\"><img decoding=\"async\" loading=\"lazy\" class=\"alignnone size-full wp-image-175554\" src=\"https:\/\/www.cronicasdeitarantim.com.br\/v1\/wp-content\/uploads\/2025\/09\/IMG-20250923-WA1626_compress63.jpg\" alt=\"\" width=\"600\" height=\"800\" srcset=\"https:\/\/www.cronicasdeitarantim.com.br\/v1\/wp-content\/uploads\/2025\/09\/IMG-20250923-WA1626_compress63.jpg 600w, https:\/\/www.cronicasdeitarantim.com.br\/v1\/wp-content\/uploads\/2025\/09\/IMG-20250923-WA1626_compress63-225x300.jpg 225w, https:\/\/www.cronicasdeitarantim.com.br\/v1\/wp-content\/uploads\/2025\/09\/IMG-20250923-WA1626_compress63-400x533.jpg 400w, https:\/\/www.cronicasdeitarantim.com.br\/v1\/wp-content\/uploads\/2025\/09\/IMG-20250923-WA1626_compress63-450x600.jpg 450w\" sizes=\"(max-width: 600px) 100vw, 600px\" \/><\/a><\/p>\n<\/div>\n<\/div>\n<\/div>\n","protected":false},"excerpt":{"rendered":"<p>APol\u00edcia Rodovi\u00e1ria Federal (PRF) participou, na manh\u00e3 desta \u00faltima ter\u00e7a-feira, 23 de setembro, da Semana Interna de Preven\u00e7\u00e3o de Acidentes de Trabalho (SIPAT) promovida pela empresa Sirtec, que atua no setor de energia el\u00e9trica. A iniciativa integrou as atividades da Semana Nacional de Tr\u00e2nsito, que neste ano refor\u00e7a a valoriza\u00e7\u00e3o da vida e a ado\u00e7\u00e3o de comportamentos seguros nas vias. Durante a a\u00e7\u00e3o, os policiais rodovi\u00e1rios federais ministraram uma palestra voltada para a seguran\u00e7a vi\u00e1ria e preven\u00e7\u00e3o de acidentes, com foco em temas como dire\u00e7\u00e3o defensiva, respeito \u00e0s normas de circula\u00e7\u00e3o e atitudes respons\u00e1veis no tr\u00e2nsito. Ao todo, 121 colaboradores [&hellip;]<\/p>\n","protected":false},"author":4,"featured_media":175561,"comment_status":"open","ping_status":"open","sticky":false,"template":"","format":"standard","meta":[],"categories":[1],"tags":[3310,1780,385,1017,427,447],"_links":{"self":[{"href":"https:\/\/www.cronicasdeitarantim.com.br\/v1\/wp-json\/wp\/v2\/posts\/175553"}],"collection":[{"href":"https:\/\/www.cronicasdeitarantim.com.br\/v1\/wp-json\/wp\/v2\/posts"}],"about":[{"href":"https:\/\/www.cronicasdeitarantim.com.br\/v1\/wp-json\/wp\/v2\/types\/post"}],"author":[{"embeddable":true,"href":"https:\/\/www.cronicasdeitarantim.com.br\/v1\/wp-json\/wp\/v2\/users\/4"}],"replies":[{"embeddable":true,"href":"https:\/\/www.cronicasdeitarantim.com.br\/v1\/wp-json\/wp\/v2\/comments?post=175553"}],"version-history":[{"count":3,"href":"https:\/\/www.cronicasdeitarantim.com.br\/v1\/wp-json\/wp\/v2\/posts\/175553\/revisions"}],"predecessor-version":[{"id":175564,"href":"https:\/\/www.cronicasdeitarantim.com.br\/v1\/wp-json\/wp\/v2\/posts\/175553\/revisions\/175564"}],"wp:featuredmedia":[{"embeddable":true,"href":"https:\/\/www.cronicasdeitarantim.com.br\/v1\/wp-json\/wp\/v2\/media\/175561"}],"wp:attachment":[{"href":"https:\/\/www.cronicasdeitarantim.com.br\/v1\/wp-json\/wp\/v2\/media?parent=175553"}],"wp:term":[{"taxonomy":"category","embeddable":true,"href":"https:\/\/www.cronicasdeitarantim.com.br\/v1\/wp-json\/wp\/v2\/categories?post=175553"},{"taxonomy":"post_tag","embeddable":true,"href":"https:\/\/www.cronicasdeitarantim.com.br\/v1\/wp-json\/wp\/v2\/tags?post=175553"}],"curies":[{"name":"wp","href":"https:\/\/api.w.org\/{rel}","templated":true}]}}