{"id":175523,"date":"2025-09-22T22:10:40","date_gmt":"2025-09-23T01:10:40","guid":{"rendered":"https:\/\/www.cronicasdeitarantim.com.br\/v1\/?p=175523"},"modified":"2025-09-22T22:10:40","modified_gmt":"2025-09-23T01:10:40","slug":"mulher-gravida-e-baleada-na-noite-desta-segunda-feira-em-municipio-do-sudoeste","status":"publish","type":"post","link":"https:\/\/www.cronicasdeitarantim.com.br\/v1\/2025\/09\/22\/mulher-gravida-e-baleada-na-noite-desta-segunda-feira-em-municipio-do-sudoeste\/","title":{"rendered":"Mulher gr\u00e1vida \u00e9 baleada na noite desta segunda-feira em munic\u00edpio do sudoeste"},"content":{"rendered":"<div class=\"er-text\">\n<h4>Uma mulher foi alvejada com disparos de arma de fogo, na noite desta segunda-feira, 22 de setembro, em um bairro conhecido como Irm\u00e3 Dulce, no munic\u00edpio de Brumado como informou o portal Achei Sudoeste.<\/h4>\n<h4>A v\u00edtima disse para a pol\u00edcia, que estava em casa se preparando para comemorar o anivers\u00e1rio do seu filho de 1 ano, quando um homem apareceu efetuando disparos em sua dire\u00e7\u00e3o.<\/h4>\n<h4>A v\u00edtima chegou a ser atingida na regi\u00e3o das pernas. Ela informou ainda para os policiais que \u00e9 gestante. O Servi\u00e7o de Atendimento M\u00f3vel de Urg\u00eancia (Samu) foi acionado e socorreu a v\u00edtima. Ela foi encaminhada para o Hospital Municipal de Brumado.<\/h4>\n<h4>O seu quadro de sa\u00fade \u00e9 est\u00e1vel. Um boletim de ocorr\u00eancia foi registrado na Delegacia Territorial de Brumado. A Pol\u00edcia Civil j\u00e1 instaurou um inqu\u00e9rito e investiga o caso.<\/h4>\n<\/div>\n","protected":false},"excerpt":{"rendered":"<p>Uma mulher foi alvejada com disparos de arma de fogo, na noite desta segunda-feira, 22 de setembro, em um bairro conhecido como Irm\u00e3 Dulce, no munic\u00edpio de Brumado como informou o portal Achei Sudoeste. A v\u00edtima disse para a pol\u00edcia, que estava em casa se preparando para comemorar o anivers\u00e1rio do seu filho de 1 ano, quando um homem apareceu efetuando disparos em sua dire\u00e7\u00e3o. A v\u00edtima chegou a ser atingida na regi\u00e3o das pernas. Ela informou ainda para os policiais que \u00e9 gestante. O Servi\u00e7o de Atendimento M\u00f3vel de Urg\u00eancia (Samu) foi acionado e socorreu a v\u00edtima. Ela foi [&hellip;]<\/p>\n","protected":false},"author":4,"featured_media":175524,"comment_status":"open","ping_status":"open","sticky":false,"template":"","format":"standard","meta":[],"categories":[306],"tags":[76,3310,1780,427,444],"_links":{"self":[{"href":"https:\/\/www.cronicasdeitarantim.com.br\/v1\/wp-json\/wp\/v2\/posts\/175523"}],"collection":[{"href":"https:\/\/www.cronicasdeitarantim.com.br\/v1\/wp-json\/wp\/v2\/posts"}],"about":[{"href":"https:\/\/www.cronicasdeitarantim.com.br\/v1\/wp-json\/wp\/v2\/types\/post"}],"author":[{"embeddable":true,"href":"https:\/\/www.cronicasdeitarantim.com.br\/v1\/wp-json\/wp\/v2\/users\/4"}],"replies":[{"embeddable":true,"href":"https:\/\/www.cronicasdeitarantim.com.br\/v1\/wp-json\/wp\/v2\/comments?post=175523"}],"version-history":[{"count":1,"href":"https:\/\/www.cronicasdeitarantim.com.br\/v1\/wp-json\/wp\/v2\/posts\/175523\/revisions"}],"predecessor-version":[{"id":175525,"href":"https:\/\/www.cronicasdeitarantim.com.br\/v1\/wp-json\/wp\/v2\/posts\/175523\/revisions\/175525"}],"wp:featuredmedia":[{"embeddable":true,"href":"https:\/\/www.cronicasdeitarantim.com.br\/v1\/wp-json\/wp\/v2\/media\/175524"}],"wp:attachment":[{"href":"https:\/\/www.cronicasdeitarantim.com.br\/v1\/wp-json\/wp\/v2\/media?parent=175523"}],"wp:term":[{"taxonomy":"category","embeddable":true,"href":"https:\/\/www.cronicasdeitarantim.com.br\/v1\/wp-json\/wp\/v2\/categories?post=175523"},{"taxonomy":"post_tag","embeddable":true,"href":"https:\/\/www.cronicasdeitarantim.com.br\/v1\/wp-json\/wp\/v2\/tags?post=175523"}],"curies":[{"name":"wp","href":"https:\/\/api.w.org\/{rel}","templated":true}]}}