{"id":175514,"date":"2025-09-22T09:16:22","date_gmt":"2025-09-22T12:16:22","guid":{"rendered":"https:\/\/www.cronicasdeitarantim.com.br\/v1\/?p=175514"},"modified":"2025-09-22T09:16:22","modified_gmt":"2025-09-22T12:16:22","slug":"segunda-feira-oferta-de-emprego-concursos-publicos-oferecem-mais-de-5-200-vagas-com-salarios-de-ate-r-32-mil","status":"publish","type":"post","link":"https:\/\/www.cronicasdeitarantim.com.br\/v1\/2025\/09\/22\/segunda-feira-oferta-de-emprego-concursos-publicos-oferecem-mais-de-5-200-vagas-com-salarios-de-ate-r-32-mil\/","title":{"rendered":"Segunda-feira: Oferta de emprego, concursos p\u00fablicos oferecem mais de 5.200 vagas com sal\u00e1rios de at\u00e9 R$ 32 mil"},"content":{"rendered":"<div class=\"conteudo_post\">\n<p data-start=\"281\" data-end=\"678\">Os concursos p\u00fablicos no Brasil oferecem atualmente mais de 5.200 vagas para candidatos de n\u00edvel m\u00e9dio e superior, com sal\u00e1rios que podem chegar a R$ 32.163,30. Entre as institui\u00e7\u00f5es com inscri\u00e7\u00f5es abertas est\u00e3o a Assembleia Legislativa do Amazonas (Aleam), a Pol\u00edcia Civil do Piau\u00ed (PC-PI) e o Tribunal de Contas de Minas Gerais (TCE-MG), oferecendo oportunidades em diversas \u00e1reas e carreiras.<\/p>\n<p data-start=\"680\" data-end=\"911\">A maior remunera\u00e7\u00e3o \u00e9 ofertada pela Sefaz GO, com 200 vagas imediatas e 100 em cadastro reserva, para especialistas cont\u00e1beis e fiscais, com sal\u00e1rios de at\u00e9 R$ 32.163,30. No entanto, as inscri\u00e7\u00f5es est\u00e3o temporariamente suspensas.<\/p>\n<p data-start=\"913\" data-end=\"1174\">O concurso com o maior n\u00famero de vagas \u00e9 o da Pol\u00edcia Militar de S\u00e3o Paulo (PM-SP), que abriu 2.200 vagas para soldado, com sal\u00e1rio inicial de R$ 5.055,53, sendo uma das principais oportunidades para candidatos de n\u00edvel m\u00e9dio interessados na carreira militar.<\/p>\n<p data-start=\"1176\" data-end=\"1333\">Na Bahia, a Guarda Civil Municipal de Jaguaquara oferece 31 vagas, com sal\u00e1rios entre R$ 1.518 e R$ 1.829,56. As inscri\u00e7\u00f5es est\u00e3o abertas at\u00e9 9 de outubro.<\/p>\n<p data-start=\"1335\" data-end=\"1386\"><strong data-start=\"1335\" data-end=\"1384\">Ranking de concursos com os maiores sal\u00e1rios:<\/strong><\/p>\n<ul data-start=\"1388\" data-end=\"2566\">\n<li data-start=\"1388\" data-end=\"1511\">\n<p data-start=\"1390\" data-end=\"1511\"><strong data-start=\"1390\" data-end=\"1426\">Sefaz GO \u2013 Especialista Cont\u00e1bil<\/strong><br data-start=\"1426\" data-end=\"1429\" \/>Sal\u00e1rio: R$ 32.163,30<br data-start=\"1452\" data-end=\"1455\" \/>Banca: FCC<br data-start=\"1467\" data-end=\"1470\" \/>Inscri\u00e7\u00f5es: temporariamente suspensas<\/p>\n<\/li>\n<li data-start=\"1513\" data-end=\"1635\">\n<p data-start=\"1515\" data-end=\"1635\"><strong data-start=\"1515\" data-end=\"1561\">ALEAM \u2013 Assembleia Legislativa do Amazonas<\/strong><br data-start=\"1561\" data-end=\"1564\" \/>Sal\u00e1rio: R$ 30.187,52<br data-start=\"1587\" data-end=\"1590\" \/>Banca: FGV<br data-start=\"1602\" data-end=\"1605\" \/>Inscri\u00e7\u00f5es: at\u00e9 13\/10\/2025<\/p>\n<\/li>\n<li data-start=\"1637\" data-end=\"1755\">\n<p data-start=\"1639\" data-end=\"1755\"><strong data-start=\"1639\" data-end=\"1673\">PC PI \u2013 Pol\u00edcia Civil do Piau\u00ed<\/strong><br data-start=\"1673\" data-end=\"1676\" \/>Sal\u00e1rio: at\u00e9 R$ 20.601,38<br data-start=\"1703\" data-end=\"1706\" \/>Banca: FGV<br data-start=\"1718\" data-end=\"1721\" \/>Inscri\u00e7\u00f5es: 29\/09 a 04\/11\/2025<\/p>\n<\/li>\n<li data-start=\"1757\" data-end=\"1907\">\n<p data-start=\"1759\" data-end=\"1907\"><strong data-start=\"1759\" data-end=\"1806\">TCE MG \u2013 Tribunal de Contas de Minas Gerais<\/strong><br data-start=\"1806\" data-end=\"1809\" \/>Sal\u00e1rio: at\u00e9 R$ 19.367,85 (ap\u00f3s 1\u00ba ano)<br data-start=\"1850\" data-end=\"1853\" \/>Banca: Cebraspe<br data-start=\"1870\" data-end=\"1873\" \/>Inscri\u00e7\u00f5es: 10\/11 a 09\/12\/2025<\/p>\n<\/li>\n<li data-start=\"1909\" data-end=\"2044\">\n<p data-start=\"1911\" data-end=\"2044\"><strong data-start=\"1911\" data-end=\"1950\">MP SP \u2013 Analista T\u00e9cnico-Cient\u00edfico<\/strong><br data-start=\"1950\" data-end=\"1953\" \/>Sal\u00e1rio: R$ 18.705,85 + benef\u00edcios<br data-start=\"1989\" data-end=\"1992\" \/>Banca: Vunesp<br data-start=\"2007\" data-end=\"2010\" \/>Inscri\u00e7\u00f5es: 02\/09 a 07\/10\/2025<\/p>\n<\/li>\n<li data-start=\"2046\" data-end=\"2140\">\n<p data-start=\"2048\" data-end=\"2140\"><strong data-start=\"2048\" data-end=\"2063\">Bombeiro DF<\/strong><br data-start=\"2063\" data-end=\"2066\" \/>Sal\u00e1rio: R$ 15.287,06<br data-start=\"2089\" data-end=\"2092\" \/>Banca: IDECAN<br data-start=\"2107\" data-end=\"2110\" \/>Inscri\u00e7\u00f5es: at\u00e9 13\/10\/2025<\/p>\n<\/li>\n<li data-start=\"2142\" data-end=\"2245\">\n<p data-start=\"2144\" data-end=\"2245\"><strong data-start=\"2144\" data-end=\"2165\">SMS Varginha (MG)<\/strong><br data-start=\"2165\" data-end=\"2168\" \/>Sal\u00e1rio: R$ 19.639,94<br data-start=\"2191\" data-end=\"2194\" \/>Banca: Avan\u00e7a SP<br data-start=\"2212\" data-end=\"2215\" \/>Inscri\u00e7\u00f5es: at\u00e9 22\/09\/2025<\/p>\n<\/li>\n<li data-start=\"2247\" data-end=\"2360\">\n<p data-start=\"2249\" data-end=\"2360\"><strong data-start=\"2249\" data-end=\"2281\">PM MG \u2013 Oficial (2\u00ba Tenente)<\/strong><br data-start=\"2281\" data-end=\"2284\" \/>Sal\u00e1rio: R$ 11.547,07<br data-start=\"2307\" data-end=\"2310\" \/>Banca: PMMG<br data-start=\"2323\" data-end=\"2326\" \/>Inscri\u00e7\u00f5es: 18\/11 a 18\/12\/2025<\/p>\n<\/li>\n<li data-start=\"2362\" data-end=\"2460\">\n<p data-start=\"2364\" data-end=\"2460\"><strong data-start=\"2364\" data-end=\"2382\">PMDF \u2013 Capel\u00e3o<\/strong><br data-start=\"2382\" data-end=\"2385\" \/>Sal\u00e1rio: R$ 11.435,59<br data-start=\"2408\" data-end=\"2411\" \/>Banca: Idecan<br data-start=\"2426\" data-end=\"2429\" \/>Inscri\u00e7\u00f5es: 01 a 30\/10\/2025<\/p>\n<\/li>\n<li data-start=\"2462\" data-end=\"2566\">\n<p data-start=\"2464\" data-end=\"2566\"><strong data-start=\"2464\" data-end=\"2475\">CREA PB<\/strong><br data-start=\"2475\" data-end=\"2478\" \/>Sal\u00e1rio: at\u00e9 R$ 11.382,08<br data-start=\"2505\" data-end=\"2508\" \/>Banca: Instituto Darwin<br data-start=\"2533\" data-end=\"2536\" \/>Inscri\u00e7\u00f5es: at\u00e9 22\/09\/2025<\/p>\n<\/li>\n<\/ul>\n<\/div>\n<div id=\"div-share\"><\/div>\n","protected":false},"excerpt":{"rendered":"<p>Os concursos p\u00fablicos no Brasil oferecem atualmente mais de 5.200 vagas para candidatos de n\u00edvel m\u00e9dio e superior, com sal\u00e1rios que podem chegar a R$ 32.163,30. Entre as institui\u00e7\u00f5es com inscri\u00e7\u00f5es abertas est\u00e3o a Assembleia Legislativa do Amazonas (Aleam), a Pol\u00edcia Civil do Piau\u00ed (PC-PI) e o Tribunal de Contas de Minas Gerais (TCE-MG), oferecendo oportunidades em diversas \u00e1reas e carreiras. A maior remunera\u00e7\u00e3o \u00e9 ofertada pela Sefaz GO, com 200 vagas imediatas e 100 em cadastro reserva, para especialistas cont\u00e1beis e fiscais, com sal\u00e1rios de at\u00e9 R$ 32.163,30. No entanto, as inscri\u00e7\u00f5es est\u00e3o temporariamente suspensas. O concurso com o [&hellip;]<\/p>\n","protected":false},"author":4,"featured_media":175515,"comment_status":"open","ping_status":"open","sticky":false,"template":"","format":"standard","meta":[],"categories":[1],"tags":[3310,565,1780,1462],"_links":{"self":[{"href":"https:\/\/www.cronicasdeitarantim.com.br\/v1\/wp-json\/wp\/v2\/posts\/175514"}],"collection":[{"href":"https:\/\/www.cronicasdeitarantim.com.br\/v1\/wp-json\/wp\/v2\/posts"}],"about":[{"href":"https:\/\/www.cronicasdeitarantim.com.br\/v1\/wp-json\/wp\/v2\/types\/post"}],"author":[{"embeddable":true,"href":"https:\/\/www.cronicasdeitarantim.com.br\/v1\/wp-json\/wp\/v2\/users\/4"}],"replies":[{"embeddable":true,"href":"https:\/\/www.cronicasdeitarantim.com.br\/v1\/wp-json\/wp\/v2\/comments?post=175514"}],"version-history":[{"count":1,"href":"https:\/\/www.cronicasdeitarantim.com.br\/v1\/wp-json\/wp\/v2\/posts\/175514\/revisions"}],"predecessor-version":[{"id":175516,"href":"https:\/\/www.cronicasdeitarantim.com.br\/v1\/wp-json\/wp\/v2\/posts\/175514\/revisions\/175516"}],"wp:featuredmedia":[{"embeddable":true,"href":"https:\/\/www.cronicasdeitarantim.com.br\/v1\/wp-json\/wp\/v2\/media\/175515"}],"wp:attachment":[{"href":"https:\/\/www.cronicasdeitarantim.com.br\/v1\/wp-json\/wp\/v2\/media?parent=175514"}],"wp:term":[{"taxonomy":"category","embeddable":true,"href":"https:\/\/www.cronicasdeitarantim.com.br\/v1\/wp-json\/wp\/v2\/categories?post=175514"},{"taxonomy":"post_tag","embeddable":true,"href":"https:\/\/www.cronicasdeitarantim.com.br\/v1\/wp-json\/wp\/v2\/tags?post=175514"}],"curies":[{"name":"wp","href":"https:\/\/api.w.org\/{rel}","templated":true}]}}