{"id":175508,"date":"2025-09-22T00:34:18","date_gmt":"2025-09-22T03:34:18","guid":{"rendered":"https:\/\/www.cronicasdeitarantim.com.br\/v1\/?p=175508"},"modified":"2025-09-22T00:34:18","modified_gmt":"2025-09-22T03:34:18","slug":"ex-prefeito-de-itapetinga-michel-hagge-e-hospitalizado-neste-domingo","status":"publish","type":"post","link":"https:\/\/www.cronicasdeitarantim.com.br\/v1\/2025\/09\/22\/ex-prefeito-de-itapetinga-michel-hagge-e-hospitalizado-neste-domingo\/","title":{"rendered":"Ex-prefeito de Itapetinga, Michel Hagge, \u00e9 hospitalizado neste domingo"},"content":{"rendered":"<div class=\"PostContent\">\n<h4>Na manh\u00e3 deste domingo, o ex-prefeito de Itapetinga, Michel Hagge (MDB), de 97 anos, passou mal em sua resid\u00eancia e foi levado \u00e0s pressas para um hospital da cidade, como informou o Pol\u00edticos do Sul da Bahia.<\/h4>\n<h4>Devido ao estado de sa\u00fade delicado e \u00e0 idade avan\u00e7ada, ele precisou ser transferido para uma unidade hospitalar em Vit\u00f3ria da Conquista, onde permanece sob cuidados m\u00e9dicos.<\/h4>\n<h4>Figura hist\u00f3rica da pol\u00edtica regional, Michel Hagge governou Itapetinga por tr\u00eas mandatos e exerceu tamb\u00e9m dois mandatos como deputado estadual. Ele \u00e9 pai do atual prefeito do munic\u00edpio, Eduardo Hagge.<\/h4>\n<h4>Amigos e parentes, como apurou a reda\u00e7\u00e3o do Cr\u00f4nicas de Itarantim, est\u00e3o em ora\u00e7\u00e3o pela vida do ex-pol\u00edtico que faz parte da hist\u00f3ria da pol\u00edtica regional e da Bahia.<\/h4>\n<\/div>\n<div class=\"cleared\"><\/div>\n","protected":false},"excerpt":{"rendered":"<p>Na manh\u00e3 deste domingo, o ex-prefeito de Itapetinga, Michel Hagge (MDB), de 97 anos, passou mal em sua resid\u00eancia e foi levado \u00e0s pressas para um hospital da cidade, como informou o Pol\u00edticos do Sul da Bahia. Devido ao estado de sa\u00fade delicado e \u00e0 idade avan\u00e7ada, ele precisou ser transferido para uma unidade hospitalar em Vit\u00f3ria da Conquista, onde permanece sob cuidados m\u00e9dicos. Figura hist\u00f3rica da pol\u00edtica regional, Michel Hagge governou Itapetinga por tr\u00eas mandatos e exerceu tamb\u00e9m dois mandatos como deputado estadual. Ele \u00e9 pai do atual prefeito do munic\u00edpio, Eduardo Hagge. Amigos e parentes, como apurou a [&hellip;]<\/p>\n","protected":false},"author":4,"featured_media":175509,"comment_status":"open","ping_status":"open","sticky":false,"template":"","format":"standard","meta":[],"categories":[1],"tags":[3310,1780,2931,425,254],"_links":{"self":[{"href":"https:\/\/www.cronicasdeitarantim.com.br\/v1\/wp-json\/wp\/v2\/posts\/175508"}],"collection":[{"href":"https:\/\/www.cronicasdeitarantim.com.br\/v1\/wp-json\/wp\/v2\/posts"}],"about":[{"href":"https:\/\/www.cronicasdeitarantim.com.br\/v1\/wp-json\/wp\/v2\/types\/post"}],"author":[{"embeddable":true,"href":"https:\/\/www.cronicasdeitarantim.com.br\/v1\/wp-json\/wp\/v2\/users\/4"}],"replies":[{"embeddable":true,"href":"https:\/\/www.cronicasdeitarantim.com.br\/v1\/wp-json\/wp\/v2\/comments?post=175508"}],"version-history":[{"count":1,"href":"https:\/\/www.cronicasdeitarantim.com.br\/v1\/wp-json\/wp\/v2\/posts\/175508\/revisions"}],"predecessor-version":[{"id":175510,"href":"https:\/\/www.cronicasdeitarantim.com.br\/v1\/wp-json\/wp\/v2\/posts\/175508\/revisions\/175510"}],"wp:featuredmedia":[{"embeddable":true,"href":"https:\/\/www.cronicasdeitarantim.com.br\/v1\/wp-json\/wp\/v2\/media\/175509"}],"wp:attachment":[{"href":"https:\/\/www.cronicasdeitarantim.com.br\/v1\/wp-json\/wp\/v2\/media?parent=175508"}],"wp:term":[{"taxonomy":"category","embeddable":true,"href":"https:\/\/www.cronicasdeitarantim.com.br\/v1\/wp-json\/wp\/v2\/categories?post=175508"},{"taxonomy":"post_tag","embeddable":true,"href":"https:\/\/www.cronicasdeitarantim.com.br\/v1\/wp-json\/wp\/v2\/tags?post=175508"}],"curies":[{"name":"wp","href":"https:\/\/api.w.org\/{rel}","templated":true}]}}