{"id":175486,"date":"2025-09-19T10:51:59","date_gmt":"2025-09-19T13:51:59","guid":{"rendered":"https:\/\/www.cronicasdeitarantim.com.br\/v1\/?p=175486"},"modified":"2025-09-19T10:51:59","modified_gmt":"2025-09-19T13:51:59","slug":"governo-federal-lanca-programa-de-cameras-corporais-para-guardas-municipais","status":"publish","type":"post","link":"https:\/\/www.cronicasdeitarantim.com.br\/v1\/2025\/09\/19\/governo-federal-lanca-programa-de-cameras-corporais-para-guardas-municipais\/","title":{"rendered":"Governo federal lan\u00e7a programa de c\u00e2meras corporais para guardas municipais"},"content":{"rendered":"<div class=\"styles__Body-sc-1ffquwr-7 ePhtZb\">\n<h4>O governo Lula se prepara para lan\u00e7ar, em outubro, o programa \u201cMunic\u00edpio Mais Seguro\u201d, que prev\u00ea o financiamento para a compra de c\u00e2meras corporais destinadas \u00e0s guardas municipais. A iniciativa tamb\u00e9m inclui a capacita\u00e7\u00e3o dos agentes com base em protocolos de uso da for\u00e7a e em t\u00e9cnicas que priorizam o uso de armas n\u00e3o letais.<\/h4>\n<h4>Coordenado pelo Minist\u00e9rio da Justi\u00e7a e Seguran\u00e7a P\u00fablica (MJSP), o programa contar\u00e1 com cursos de forma\u00e7\u00e3o voltados \u00e0 Pol\u00edcia Comunit\u00e1ria, ao uso diferenciado da for\u00e7a e \u00e0 atua\u00e7\u00e3o das patrulhas Maria da Penha. Tamb\u00e9m est\u00e3o previstos editais de chamamento p\u00fablico para apoiar a estrutura\u00e7\u00e3o da gest\u00e3o municipal de seguran\u00e7a, al\u00e9m de a\u00e7\u00f5es de valoriza\u00e7\u00e3o profissional e uma pesquisa nacional de diagn\u00f3stico sobre a situa\u00e7\u00e3o das guardas municipais no pa\u00eds.<\/h4>\n<h4>Segundo o MJSP, o programa est\u00e1 em fase final de elabora\u00e7\u00e3o e de aloca\u00e7\u00e3o de recursos or\u00e7ament\u00e1rios. Os detalhes finais ainda est\u00e3o sendo definidos e dever\u00e3o ser anunciados oficialmente pelo presidente Luiz In\u00e1cio Lula da Silva (PT) durante o lan\u00e7amento da iniciativa.<\/h4>\n<\/div>\n","protected":false},"excerpt":{"rendered":"<p>O governo Lula se prepara para lan\u00e7ar, em outubro, o programa \u201cMunic\u00edpio Mais Seguro\u201d, que prev\u00ea o financiamento para a compra de c\u00e2meras corporais destinadas \u00e0s guardas municipais. A iniciativa tamb\u00e9m inclui a capacita\u00e7\u00e3o dos agentes com base em protocolos de uso da for\u00e7a e em t\u00e9cnicas que priorizam o uso de armas n\u00e3o letais. Coordenado pelo Minist\u00e9rio da Justi\u00e7a e Seguran\u00e7a P\u00fablica (MJSP), o programa contar\u00e1 com cursos de forma\u00e7\u00e3o voltados \u00e0 Pol\u00edcia Comunit\u00e1ria, ao uso diferenciado da for\u00e7a e \u00e0 atua\u00e7\u00e3o das patrulhas Maria da Penha. Tamb\u00e9m est\u00e3o previstos editais de chamamento p\u00fablico para apoiar a estrutura\u00e7\u00e3o da [&hellip;]<\/p>\n","protected":false},"author":4,"featured_media":175487,"comment_status":"open","ping_status":"open","sticky":false,"template":"","format":"standard","meta":[],"categories":[296],"tags":[3310,433,1780,732,591],"_links":{"self":[{"href":"https:\/\/www.cronicasdeitarantim.com.br\/v1\/wp-json\/wp\/v2\/posts\/175486"}],"collection":[{"href":"https:\/\/www.cronicasdeitarantim.com.br\/v1\/wp-json\/wp\/v2\/posts"}],"about":[{"href":"https:\/\/www.cronicasdeitarantim.com.br\/v1\/wp-json\/wp\/v2\/types\/post"}],"author":[{"embeddable":true,"href":"https:\/\/www.cronicasdeitarantim.com.br\/v1\/wp-json\/wp\/v2\/users\/4"}],"replies":[{"embeddable":true,"href":"https:\/\/www.cronicasdeitarantim.com.br\/v1\/wp-json\/wp\/v2\/comments?post=175486"}],"version-history":[{"count":1,"href":"https:\/\/www.cronicasdeitarantim.com.br\/v1\/wp-json\/wp\/v2\/posts\/175486\/revisions"}],"predecessor-version":[{"id":175488,"href":"https:\/\/www.cronicasdeitarantim.com.br\/v1\/wp-json\/wp\/v2\/posts\/175486\/revisions\/175488"}],"wp:featuredmedia":[{"embeddable":true,"href":"https:\/\/www.cronicasdeitarantim.com.br\/v1\/wp-json\/wp\/v2\/media\/175487"}],"wp:attachment":[{"href":"https:\/\/www.cronicasdeitarantim.com.br\/v1\/wp-json\/wp\/v2\/media?parent=175486"}],"wp:term":[{"taxonomy":"category","embeddable":true,"href":"https:\/\/www.cronicasdeitarantim.com.br\/v1\/wp-json\/wp\/v2\/categories?post=175486"},{"taxonomy":"post_tag","embeddable":true,"href":"https:\/\/www.cronicasdeitarantim.com.br\/v1\/wp-json\/wp\/v2\/tags?post=175486"}],"curies":[{"name":"wp","href":"https:\/\/api.w.org\/{rel}","templated":true}]}}