{"id":175479,"date":"2025-09-18T23:11:35","date_gmt":"2025-09-19T02:11:35","guid":{"rendered":"https:\/\/www.cronicasdeitarantim.com.br\/v1\/?p=175479"},"modified":"2025-09-18T23:14:47","modified_gmt":"2025-09-19T02:14:47","slug":"universidade-mestrado-em-ciencias-da-saude-da-uesc-completa-10-anos","status":"publish","type":"post","link":"https:\/\/www.cronicasdeitarantim.com.br\/v1\/2025\/09\/18\/universidade-mestrado-em-ciencias-da-saude-da-uesc-completa-10-anos\/","title":{"rendered":"Universidade: Mestrado em Ci\u00eancias da Sa\u00fade da UESC completa 10 anos."},"content":{"rendered":"<p>O Programa de P\u00f3s-Gradua\u00e7\u00e3o em Ci\u00eancias da Sa\u00fade da Universidade Estadual de Santa Cruz (PPGCS-UESC) completa, em 2025, uma d\u00e9cada de atua\u00e7\u00e3o, consolidando-se como refer\u00eancia em forma\u00e7\u00e3o, pesquisa e produ\u00e7\u00e3o cient\u00edfica voltadas \u00e0 sa\u00fade.<\/p>\n<p>Para marcar esta trajet\u00f3ria, ser\u00e1 realizado no dia 26 de setembro de 2025, das 8h30 \u00e0s 12h, no Audit\u00f3rio da Torre Administrativa da UESC, o Evento Comemorativo \u2013 10 anos do PPGCS, com o tema: \u201cUma d\u00e9cada transformando ci\u00eancia em sa\u00fade\u201d.<\/p>\n<p>A programa\u00e7\u00e3o inclui abertura solene com autoridades acad\u00eamicas, Talk Show Comemorativo sobre a trajet\u00f3ria, desafios e perspectivas do programa, al\u00e9m de homenagens a docentes, ex-docentes, discentes e egressos que contribu\u00edram para a consolida\u00e7\u00e3o do PPGCS.<\/p>\n<p>O coordenador do programa, Prof. Dr. Eduardo Koji Tamura, destaca que \u201ccelebrar os 10 anos do PPGCS \u00e9 reconhecer a dedica\u00e7\u00e3o coletiva que fez deste programa um espa\u00e7o de excel\u00eancia cient\u00edfica e compromisso\u00a0social\u201d.<\/p>\n<p><a href=\"https:\/\/www.cronicasdeitarantim.com.br\/v1\/wp-content\/uploads\/2025\/09\/IMG-20250918-WA1031.jpg\"><img decoding=\"async\" loading=\"lazy\" class=\"alignnone size-full wp-image-175483\" src=\"https:\/\/www.cronicasdeitarantim.com.br\/v1\/wp-content\/uploads\/2025\/09\/IMG-20250918-WA1031.jpg\" alt=\"\" width=\"496\" height=\"693\" srcset=\"https:\/\/www.cronicasdeitarantim.com.br\/v1\/wp-content\/uploads\/2025\/09\/IMG-20250918-WA1031.jpg 496w, https:\/\/www.cronicasdeitarantim.com.br\/v1\/wp-content\/uploads\/2025\/09\/IMG-20250918-WA1031-215x300.jpg 215w, https:\/\/www.cronicasdeitarantim.com.br\/v1\/wp-content\/uploads\/2025\/09\/IMG-20250918-WA1031-400x559.jpg 400w, https:\/\/www.cronicasdeitarantim.com.br\/v1\/wp-content\/uploads\/2025\/09\/IMG-20250918-WA1031-429x600.jpg 429w\" sizes=\"(max-width: 496px) 100vw, 496px\" \/><\/a> <a href=\"https:\/\/www.cronicasdeitarantim.com.br\/v1\/wp-content\/uploads\/2025\/09\/IMG-20250918-WA1029.jpg\"><img decoding=\"async\" loading=\"lazy\" class=\"alignnone size-full wp-image-175482\" src=\"https:\/\/www.cronicasdeitarantim.com.br\/v1\/wp-content\/uploads\/2025\/09\/IMG-20250918-WA1029.jpg\" alt=\"\" width=\"720\" height=\"540\" srcset=\"https:\/\/www.cronicasdeitarantim.com.br\/v1\/wp-content\/uploads\/2025\/09\/IMG-20250918-WA1029.jpg 720w, https:\/\/www.cronicasdeitarantim.com.br\/v1\/wp-content\/uploads\/2025\/09\/IMG-20250918-WA1029-300x225.jpg 300w, https:\/\/www.cronicasdeitarantim.com.br\/v1\/wp-content\/uploads\/2025\/09\/IMG-20250918-WA1029-400x300.jpg 400w\" sizes=\"(max-width: 720px) 100vw, 720px\" \/><\/a> <a href=\"https:\/\/www.cronicasdeitarantim.com.br\/v1\/wp-content\/uploads\/2025\/09\/IMG-20250918-WA1028_compress12.jpg\"><img decoding=\"async\" loading=\"lazy\" class=\"alignnone size-full wp-image-175481\" src=\"https:\/\/www.cronicasdeitarantim.com.br\/v1\/wp-content\/uploads\/2025\/09\/IMG-20250918-WA1028_compress12.jpg\" alt=\"\" width=\"730\" height=\"329\" srcset=\"https:\/\/www.cronicasdeitarantim.com.br\/v1\/wp-content\/uploads\/2025\/09\/IMG-20250918-WA1028_compress12.jpg 730w, https:\/\/www.cronicasdeitarantim.com.br\/v1\/wp-content\/uploads\/2025\/09\/IMG-20250918-WA1028_compress12-300x135.jpg 300w, https:\/\/www.cronicasdeitarantim.com.br\/v1\/wp-content\/uploads\/2025\/09\/IMG-20250918-WA1028_compress12-400x180.jpg 400w\" sizes=\"(max-width: 730px) 100vw, 730px\" \/><\/a> <a href=\"https:\/\/www.cronicasdeitarantim.com.br\/v1\/wp-content\/uploads\/2025\/09\/IMG-20250918-WA1030_compress20.jpg\"><img decoding=\"async\" loading=\"lazy\" class=\"alignnone size-full wp-image-175480\" src=\"https:\/\/www.cronicasdeitarantim.com.br\/v1\/wp-content\/uploads\/2025\/09\/IMG-20250918-WA1030_compress20.jpg\" alt=\"\" width=\"730\" height=\"548\" srcset=\"https:\/\/www.cronicasdeitarantim.com.br\/v1\/wp-content\/uploads\/2025\/09\/IMG-20250918-WA1030_compress20.jpg 730w, https:\/\/www.cronicasdeitarantim.com.br\/v1\/wp-content\/uploads\/2025\/09\/IMG-20250918-WA1030_compress20-300x225.jpg 300w, https:\/\/www.cronicasdeitarantim.com.br\/v1\/wp-content\/uploads\/2025\/09\/IMG-20250918-WA1030_compress20-400x300.jpg 400w\" sizes=\"(max-width: 730px) 100vw, 730px\" \/><\/a><\/p>\n","protected":false},"excerpt":{"rendered":"<p>O Programa de P\u00f3s-Gradua\u00e7\u00e3o em Ci\u00eancias da Sa\u00fade da Universidade Estadual de Santa Cruz (PPGCS-UESC) completa, em 2025, uma d\u00e9cada de atua\u00e7\u00e3o, consolidando-se como refer\u00eancia em forma\u00e7\u00e3o, pesquisa e produ\u00e7\u00e3o cient\u00edfica voltadas \u00e0 sa\u00fade. Para marcar esta trajet\u00f3ria, ser\u00e1 realizado no dia 26 de setembro de 2025, das 8h30 \u00e0s 12h, no Audit\u00f3rio da Torre Administrativa da UESC, o Evento Comemorativo \u2013 10 anos do PPGCS, com o tema: \u201cUma d\u00e9cada transformando ci\u00eancia em sa\u00fade\u201d. A programa\u00e7\u00e3o inclui abertura solene com autoridades acad\u00eamicas, Talk Show Comemorativo sobre a trajet\u00f3ria, desafios e perspectivas do programa, al\u00e9m de homenagens a docentes, ex-docentes, [&hellip;]<\/p>\n","protected":false},"author":4,"featured_media":175480,"comment_status":"open","ping_status":"open","sticky":false,"template":"","format":"standard","meta":[],"categories":[295],"tags":[3310,1780,254,1028,3528],"_links":{"self":[{"href":"https:\/\/www.cronicasdeitarantim.com.br\/v1\/wp-json\/wp\/v2\/posts\/175479"}],"collection":[{"href":"https:\/\/www.cronicasdeitarantim.com.br\/v1\/wp-json\/wp\/v2\/posts"}],"about":[{"href":"https:\/\/www.cronicasdeitarantim.com.br\/v1\/wp-json\/wp\/v2\/types\/post"}],"author":[{"embeddable":true,"href":"https:\/\/www.cronicasdeitarantim.com.br\/v1\/wp-json\/wp\/v2\/users\/4"}],"replies":[{"embeddable":true,"href":"https:\/\/www.cronicasdeitarantim.com.br\/v1\/wp-json\/wp\/v2\/comments?post=175479"}],"version-history":[{"count":2,"href":"https:\/\/www.cronicasdeitarantim.com.br\/v1\/wp-json\/wp\/v2\/posts\/175479\/revisions"}],"predecessor-version":[{"id":175485,"href":"https:\/\/www.cronicasdeitarantim.com.br\/v1\/wp-json\/wp\/v2\/posts\/175479\/revisions\/175485"}],"wp:featuredmedia":[{"embeddable":true,"href":"https:\/\/www.cronicasdeitarantim.com.br\/v1\/wp-json\/wp\/v2\/media\/175480"}],"wp:attachment":[{"href":"https:\/\/www.cronicasdeitarantim.com.br\/v1\/wp-json\/wp\/v2\/media?parent=175479"}],"wp:term":[{"taxonomy":"category","embeddable":true,"href":"https:\/\/www.cronicasdeitarantim.com.br\/v1\/wp-json\/wp\/v2\/categories?post=175479"},{"taxonomy":"post_tag","embeddable":true,"href":"https:\/\/www.cronicasdeitarantim.com.br\/v1\/wp-json\/wp\/v2\/tags?post=175479"}],"curies":[{"name":"wp","href":"https:\/\/api.w.org\/{rel}","templated":true}]}}