{"id":175464,"date":"2025-09-17T21:08:25","date_gmt":"2025-09-18T00:08:25","guid":{"rendered":"https:\/\/www.cronicasdeitarantim.com.br\/v1\/?p=175464"},"modified":"2025-09-17T21:08:25","modified_gmt":"2025-09-18T00:08:25","slug":"brasil-pec-da-blindagem-passa-com-apoio-de-12-deputados-petistas","status":"publish","type":"post","link":"https:\/\/www.cronicasdeitarantim.com.br\/v1\/2025\/09\/17\/brasil-pec-da-blindagem-passa-com-apoio-de-12-deputados-petistas\/","title":{"rendered":"Brasil: PEC da Blindagem passa com apoio de 12 deputados petistas"},"content":{"rendered":"<div class=\"conteudo_post\">\n<h4><span class=\"cf0\">Doze deputados do PT (Partido dos Trabalhadores) votaram a favor da chamada\u00a0PEC da Blindagem, aprovada na noite desta ter\u00e7a-feira, 16 de setembro, na C\u00e2mara dos Deputados. A proposta, chancelada em dois turnos, dificulta\u00a0o andamento de processos criminais contra parlamentares e restringe a execu\u00e7\u00e3o de mandados de pris\u00e3o.<\/span><\/h4>\n<h4><span class=\"cf0\">A decis\u00e3o gerou repercuss\u00e3o interna no partido.\u00a0A vereadora de Salvador, Marta Rodrigues, criticou os correligion\u00e1rios que apoiaram a PEC e destacou os baianos da legenda que se posicionaram\u00a0contra o texto.<\/span><\/h4>\n<h4><span class=\"cf0\">O presidente nacional do PT, Edinho Silva, explicou que os votos a favor da medida ocorreram em meio a\u00a0uma negocia\u00e7\u00e3o para barrar a anistia aos envolvidos nos atos de 8 de janeiro.\u00a0<\/span><span class=\"cf0\">\u201cN\u00e3o significa que o Congresso v\u00e1 honrar esse acordo. A posi\u00e7\u00e3o majorit\u00e1ria da bancada foi contra a PEC\u201d, afirmou na tarde desta quarta-feira, 17 de setembro, em entrevista \u00e0 <\/span><span class=\"cf0\">GloboNews<\/span><span class=\"cf0\">.<\/span><\/h4>\n<p><span class=\"cf0\"><strong>Confira quais deputados do PT votaram a favor da PEC da Blindagem<\/strong>:<\/span><\/p>\n<ul>\n<li><span class=\"cf0\">Airton\u00a0<\/span><span class=\"cf0\">Faleiro<\/span><span class=\"cf0\">\u00a0(PA)<\/span><\/li>\n<li><span class=\"cf0\">Alfredinho (SP)<\/span><\/li>\n<li><span class=\"cf0\">Dilvanda<\/span><span class=\"cf0\">\u00a0Faro (PA)<\/span><\/li>\n<li><span class=\"cf0\">Francisco (PI)<\/span><\/li>\n<li><span class=\"cf0\">Fl\u00e1vio Nogueira (PI)<\/span><\/li>\n<li><span class=\"cf0\">Florentino Neto (PI)<\/span><\/li>\n<li><span class=\"cf0\">Jilmar\u00a0<\/span><span class=\"cf0\">Tatto<\/span><span class=\"cf0\">\u00a0(SP)<\/span><\/li>\n<li><span class=\"cf0\">Kiko\u00a0<\/span><span class=\"cf0\">Celeguim<\/span><span class=\"cf0\">\u00a0(SP)<\/span><\/li>\n<li><span class=\"cf0\">Leonardo Monteiro (MG)<\/span><\/li>\n<li><span class=\"cf0\">Merlong<\/span><span class=\"cf0\">\u00a0Solano (PI)<\/span><\/li>\n<li><span class=\"cf0\">Odair Cunha (MG)<\/span><\/li>\n<li><span class=\"cf0\">Paulo Guedes (MG)<\/span><\/li>\n<\/ul>\n<p>&nbsp;<\/p>\n<\/div>\n<div class=\"ui divider\"><\/div>\n<div class=\"ui items\">\n<div class=\"item\"><\/div>\n<\/div>\n","protected":false},"excerpt":{"rendered":"<p>Doze deputados do PT (Partido dos Trabalhadores) votaram a favor da chamada\u00a0PEC da Blindagem, aprovada na noite desta ter\u00e7a-feira, 16 de setembro, na C\u00e2mara dos Deputados. A proposta, chancelada em dois turnos, dificulta\u00a0o andamento de processos criminais contra parlamentares e restringe a execu\u00e7\u00e3o de mandados de pris\u00e3o. A decis\u00e3o gerou repercuss\u00e3o interna no partido.\u00a0A vereadora de Salvador, Marta Rodrigues, criticou os correligion\u00e1rios que apoiaram a PEC e destacou os baianos da legenda que se posicionaram\u00a0contra o texto. O presidente nacional do PT, Edinho Silva, explicou que os votos a favor da medida ocorreram em meio a\u00a0uma negocia\u00e7\u00e3o para barrar a [&hellip;]<\/p>\n","protected":false},"author":4,"featured_media":175465,"comment_status":"open","ping_status":"open","sticky":false,"template":"","format":"standard","meta":[],"categories":[296],"tags":[3527,3310,433,1780,1150],"_links":{"self":[{"href":"https:\/\/www.cronicasdeitarantim.com.br\/v1\/wp-json\/wp\/v2\/posts\/175464"}],"collection":[{"href":"https:\/\/www.cronicasdeitarantim.com.br\/v1\/wp-json\/wp\/v2\/posts"}],"about":[{"href":"https:\/\/www.cronicasdeitarantim.com.br\/v1\/wp-json\/wp\/v2\/types\/post"}],"author":[{"embeddable":true,"href":"https:\/\/www.cronicasdeitarantim.com.br\/v1\/wp-json\/wp\/v2\/users\/4"}],"replies":[{"embeddable":true,"href":"https:\/\/www.cronicasdeitarantim.com.br\/v1\/wp-json\/wp\/v2\/comments?post=175464"}],"version-history":[{"count":1,"href":"https:\/\/www.cronicasdeitarantim.com.br\/v1\/wp-json\/wp\/v2\/posts\/175464\/revisions"}],"predecessor-version":[{"id":175466,"href":"https:\/\/www.cronicasdeitarantim.com.br\/v1\/wp-json\/wp\/v2\/posts\/175464\/revisions\/175466"}],"wp:featuredmedia":[{"embeddable":true,"href":"https:\/\/www.cronicasdeitarantim.com.br\/v1\/wp-json\/wp\/v2\/media\/175465"}],"wp:attachment":[{"href":"https:\/\/www.cronicasdeitarantim.com.br\/v1\/wp-json\/wp\/v2\/media?parent=175464"}],"wp:term":[{"taxonomy":"category","embeddable":true,"href":"https:\/\/www.cronicasdeitarantim.com.br\/v1\/wp-json\/wp\/v2\/categories?post=175464"},{"taxonomy":"post_tag","embeddable":true,"href":"https:\/\/www.cronicasdeitarantim.com.br\/v1\/wp-json\/wp\/v2\/tags?post=175464"}],"curies":[{"name":"wp","href":"https:\/\/api.w.org\/{rel}","templated":true}]}}