{"id":175453,"date":"2025-09-17T12:38:53","date_gmt":"2025-09-17T15:38:53","guid":{"rendered":"https:\/\/www.cronicasdeitarantim.com.br\/v1\/?p=175453"},"modified":"2025-09-17T12:38:53","modified_gmt":"2025-09-17T15:38:53","slug":"violencia-no-sul-da-bahia-jovem-de-22-anos-e-adolescente-de-14-sao-assassinados-com-varios-tiros","status":"publish","type":"post","link":"https:\/\/www.cronicasdeitarantim.com.br\/v1\/2025\/09\/17\/violencia-no-sul-da-bahia-jovem-de-22-anos-e-adolescente-de-14-sao-assassinados-com-varios-tiros\/","title":{"rendered":"Viol\u00eancia no sul da Bahia: Jovem de 22 anos e adolescente de 14 s\u00e3o assassinados com v\u00e1rios tiros"},"content":{"rendered":"<h4>Na noite de ter\u00e7a-feira, 16 de setembro, uma jovem de 22 anos e um adolescente de 14 foram brutalmente assassinados a tiros, em Santa Cruz Cabr\u00e1lia, por homens que chegaram em um ve\u00edculo e dispararam diversas vezes contra as v\u00edtimas.<\/h4>\n<h4>De acordo com informa\u00e7\u00f5es da pol\u00edcia, o adolescente recebeu 20 tiros. Os corpos foram encontrados a cerca de 10 metros de dist\u00e2ncia um do outro. Eles foram identificados pelos nomes de Ana Luiza e Jo\u00e3o M\u00e1rcio.<\/h4>\n","protected":false},"excerpt":{"rendered":"<p>Na noite de ter\u00e7a-feira, 16 de setembro, uma jovem de 22 anos e um adolescente de 14 foram brutalmente assassinados a tiros, em Santa Cruz Cabr\u00e1lia, por homens que chegaram em um ve\u00edculo e dispararam diversas vezes contra as v\u00edtimas. De acordo com informa\u00e7\u00f5es da pol\u00edcia, o adolescente recebeu 20 tiros. Os corpos foram encontrados a cerca de 10 metros de dist\u00e2ncia um do outro. Eles foram identificados pelos nomes de Ana Luiza e Jo\u00e3o M\u00e1rcio.<\/p>\n","protected":false},"author":4,"featured_media":175454,"comment_status":"open","ping_status":"open","sticky":false,"template":"","format":"standard","meta":[],"categories":[306],"tags":[76,3310,1780,444],"_links":{"self":[{"href":"https:\/\/www.cronicasdeitarantim.com.br\/v1\/wp-json\/wp\/v2\/posts\/175453"}],"collection":[{"href":"https:\/\/www.cronicasdeitarantim.com.br\/v1\/wp-json\/wp\/v2\/posts"}],"about":[{"href":"https:\/\/www.cronicasdeitarantim.com.br\/v1\/wp-json\/wp\/v2\/types\/post"}],"author":[{"embeddable":true,"href":"https:\/\/www.cronicasdeitarantim.com.br\/v1\/wp-json\/wp\/v2\/users\/4"}],"replies":[{"embeddable":true,"href":"https:\/\/www.cronicasdeitarantim.com.br\/v1\/wp-json\/wp\/v2\/comments?post=175453"}],"version-history":[{"count":1,"href":"https:\/\/www.cronicasdeitarantim.com.br\/v1\/wp-json\/wp\/v2\/posts\/175453\/revisions"}],"predecessor-version":[{"id":175455,"href":"https:\/\/www.cronicasdeitarantim.com.br\/v1\/wp-json\/wp\/v2\/posts\/175453\/revisions\/175455"}],"wp:featuredmedia":[{"embeddable":true,"href":"https:\/\/www.cronicasdeitarantim.com.br\/v1\/wp-json\/wp\/v2\/media\/175454"}],"wp:attachment":[{"href":"https:\/\/www.cronicasdeitarantim.com.br\/v1\/wp-json\/wp\/v2\/media?parent=175453"}],"wp:term":[{"taxonomy":"category","embeddable":true,"href":"https:\/\/www.cronicasdeitarantim.com.br\/v1\/wp-json\/wp\/v2\/categories?post=175453"},{"taxonomy":"post_tag","embeddable":true,"href":"https:\/\/www.cronicasdeitarantim.com.br\/v1\/wp-json\/wp\/v2\/tags?post=175453"}],"curies":[{"name":"wp","href":"https:\/\/api.w.org\/{rel}","templated":true}]}}