{"id":175404,"date":"2025-09-12T16:49:34","date_gmt":"2025-09-12T19:49:34","guid":{"rendered":"https:\/\/www.cronicasdeitarantim.com.br\/v1\/?p=175404"},"modified":"2025-09-12T17:00:57","modified_gmt":"2025-09-12T20:00:57","slug":"potiragua-sessao-quente-na-camara-expoe-divergencias-e-acirra-clima-politico","status":"publish","type":"post","link":"https:\/\/www.cronicasdeitarantim.com.br\/v1\/2025\/09\/12\/potiragua-sessao-quente-na-camara-expoe-divergencias-e-acirra-clima-politico\/","title":{"rendered":"Potiragu\u00e1: Sess\u00e3o quente na C\u00e2mara exp\u00f5e diverg\u00eancias e acirra clima pol\u00edtico"},"content":{"rendered":"<p><strong>POTIRAGU\u00c1 \u2013<\/strong> Uma sess\u00e3o ordin\u00e1ria marcada por fortes embates e cr\u00edticas acirradas ocorreu nesta quinta-feira, 11 de setembro, na C\u00e2mara Municipal de Potiragu\u00e1. Vereadores da base governista utilizaram a tribuna para expressar suas opini\u00f5es, com destaque para os parlamentares Marcos Alicate e Biscoito.<\/p>\n<p>Ambos, que comp\u00f5em a base de apoio ao prefeito Elias Carvalho, elogiaram a realiza\u00e7\u00e3o da 45\u00aa Festa de Vaquejada, mas n\u00e3o pouparam cr\u00edticas a quest\u00f5es ocorridas nos bastidores do evento.<\/p>\n<p>O clima esquentou ainda mais com o debate entre o vereador Joquim e a vereadora Celidalva da Vaquejada. Segundo Joquim, a vereadora teria utilizado seu nome em publica\u00e7\u00f5es nas redes sociais, por meio do perfil de seu marido, questionando suas indica\u00e7\u00f5es pol\u00edticas. Em resposta, o vereador Joquim declarou que faz parte do governo, insinuando um poss\u00edvel isolamento de Celidalva e aconselhando-a a se preparar para futuras disputas eleitorais, mesmo com a elei\u00e7\u00e3o de 2028 ainda distante.<\/p>\n<p>A C\u00e2mara de Potiragu\u00e1 conta com nove vereadores. Inicialmente, sete foram eleitos na base do prefeito Elias Carvalho. Atualmente, o governo det\u00e9m o apoio de oito parlamentares, ap\u00f3s a ades\u00e3o do vereador Neto \u00e0 base governista, consolidando Celidalva como a \u00fanica vereadora de oposi\u00e7\u00e3o.<\/p>\n<p>As declara\u00e7\u00f5es feitas durante a sess\u00e3o pelos vereadores podem gerar desdobramentos significativos na pol\u00edtica local, acendendo o debate sobre a gest\u00e3o municipal e podendo trazer consequ\u00eancias diretamente dentro do QG do prefeito Elias Carvalho.<\/p>\n<p>Confira sess\u00e3o:<\/p>\n<p><iframe loading=\"lazy\" title=\"5\u00aa SESS\u00c3O ORDIN\u00c1RIA DO 2\u00ba PERIODO | C\u00c2MARA MUNICIPAL DE POTIRAGU\u00c1\" width=\"1200\" height=\"675\" src=\"https:\/\/www.youtube.com\/embed\/WM6JM-fp4lo?feature=oembed\" frameborder=\"0\" allow=\"accelerometer; autoplay; clipboard-write; encrypted-media; gyroscope; picture-in-picture; web-share\" referrerpolicy=\"strict-origin-when-cross-origin\" allowfullscreen><\/iframe><\/p>\n","protected":false},"excerpt":{"rendered":"<p>POTIRAGU\u00c1 \u2013 Uma sess\u00e3o ordin\u00e1ria marcada por fortes embates e cr\u00edticas acirradas ocorreu nesta quinta-feira, 11 de setembro, na C\u00e2mara Municipal de Potiragu\u00e1. Vereadores da base governista utilizaram a tribuna para expressar suas opini\u00f5es, com destaque para os parlamentares Marcos Alicate e Biscoito. Ambos, que comp\u00f5em a base de apoio ao prefeito Elias Carvalho, elogiaram a realiza\u00e7\u00e3o da 45\u00aa Festa de Vaquejada, mas n\u00e3o pouparam cr\u00edticas a quest\u00f5es ocorridas nos bastidores do evento. O clima esquentou ainda mais com o debate entre o vereador Joquim e a vereadora Celidalva da Vaquejada. Segundo Joquim, a vereadora teria utilizado seu nome em [&hellip;]<\/p>\n","protected":false},"author":4,"featured_media":175406,"comment_status":"open","ping_status":"open","sticky":false,"template":"","format":"standard","meta":[],"categories":[304],"tags":[3310,3199,1780,437,1359],"_links":{"self":[{"href":"https:\/\/www.cronicasdeitarantim.com.br\/v1\/wp-json\/wp\/v2\/posts\/175404"}],"collection":[{"href":"https:\/\/www.cronicasdeitarantim.com.br\/v1\/wp-json\/wp\/v2\/posts"}],"about":[{"href":"https:\/\/www.cronicasdeitarantim.com.br\/v1\/wp-json\/wp\/v2\/types\/post"}],"author":[{"embeddable":true,"href":"https:\/\/www.cronicasdeitarantim.com.br\/v1\/wp-json\/wp\/v2\/users\/4"}],"replies":[{"embeddable":true,"href":"https:\/\/www.cronicasdeitarantim.com.br\/v1\/wp-json\/wp\/v2\/comments?post=175404"}],"version-history":[{"count":3,"href":"https:\/\/www.cronicasdeitarantim.com.br\/v1\/wp-json\/wp\/v2\/posts\/175404\/revisions"}],"predecessor-version":[{"id":175408,"href":"https:\/\/www.cronicasdeitarantim.com.br\/v1\/wp-json\/wp\/v2\/posts\/175404\/revisions\/175408"}],"wp:featuredmedia":[{"embeddable":true,"href":"https:\/\/www.cronicasdeitarantim.com.br\/v1\/wp-json\/wp\/v2\/media\/175406"}],"wp:attachment":[{"href":"https:\/\/www.cronicasdeitarantim.com.br\/v1\/wp-json\/wp\/v2\/media?parent=175404"}],"wp:term":[{"taxonomy":"category","embeddable":true,"href":"https:\/\/www.cronicasdeitarantim.com.br\/v1\/wp-json\/wp\/v2\/categories?post=175404"},{"taxonomy":"post_tag","embeddable":true,"href":"https:\/\/www.cronicasdeitarantim.com.br\/v1\/wp-json\/wp\/v2\/tags?post=175404"}],"curies":[{"name":"wp","href":"https:\/\/api.w.org\/{rel}","templated":true}]}}