{"id":175373,"date":"2025-09-11T12:32:17","date_gmt":"2025-09-11T15:32:17","guid":{"rendered":"https:\/\/www.cronicasdeitarantim.com.br\/v1\/?p=175373"},"modified":"2025-09-11T12:32:50","modified_gmt":"2025-09-11T15:32:50","slug":"atos-golpistas-de-8-de-janeiro-quem-falta-votar-no-julgamento-de-bolsonaro-no-stf","status":"publish","type":"post","link":"https:\/\/www.cronicasdeitarantim.com.br\/v1\/2025\/09\/11\/atos-golpistas-de-8-de-janeiro-quem-falta-votar-no-julgamento-de-bolsonaro-no-stf\/","title":{"rendered":"Atos golpistas de 8 de janeiro: Quem falta votar no julgamento de Bolsonaro no STF?"},"content":{"rendered":"<div class=\"conteudo_post\">\n<p>O julgamento do ex-presidente Jair Bolsonaro (PL) e outros sete r\u00e9us por tentativa de golpe de Estado ser\u00e1 retomado na tarde desta quinta-feira, 11, com voto da ministra C\u00e1rmen L\u00facia, que pode formar maioria para a condena\u00e7\u00e3o dos supostos envolvidos na trama golpista.<\/p>\n<p>At\u00e9 o momento, o placar da vota\u00e7\u00e3o est\u00e1 2 x 1 a favor da condena\u00e7\u00e3o do ex-mandat\u00e1rio depois de mais de 10h de\u00a0voto do ministro Luiz Fux, na Primeira Turma. J\u00e1 votaram os seguintes magistrados: Alexandre de Moraes, relator do caso, e Fl\u00e1vio Dino.<\/p>\n<p><strong>Pr\u00f3ximos passos<\/strong><\/p>\n<p><strong>A vota\u00e7\u00e3o seguir\u00e1 da seguinte forma:\u00a0<\/strong><\/p>\n<p>A ministra C\u00e1rmen L\u00facia ser\u00e1 a pr\u00f3xima a proferir o voto. Ela chegou \u00e0 Suprema Corte ap\u00f3s indica\u00e7\u00e3o do presidente Lula (PT), em seu primeiro mandato, mas s\u00f3 chegou \u00e0 Primeira Turma da Corte em 2021.<\/p>\n<p>Em seguida, quem deve proferir voto \u00e9 o ministro Cristiano Zanin, presidente do colegiado e \u00faltimo magistrado a votar no processo.<\/p>\n<p>Nomeado ministro em 2023 por indica\u00e7\u00e3o do presidente Lula, a quem representava como advogado, Zanin ganhou notoriedade por sua atua\u00e7\u00e3o na defesa do petista em processos criminais desde 2013, especialmente durante a Opera\u00e7\u00e3o Lava Jato.<\/p>\n<p>Foi a partir de recursos elaborados por ele que as condena\u00e7\u00f5es de Lula foram anuladas, possibilitando sua candidatura nas elei\u00e7\u00f5es presidenciais. Sua indica\u00e7\u00e3o chegou a ser vista como uma escolha pessoal do presidente e gerou cr\u00edticas sobre um poss\u00edvel alinhamento pol\u00edtico \u00e0 \u00e9poca. (Com informa\u00e7\u00f5es do Bahia.ba).<\/p>\n<\/div>\n<div id=\"div-share\"><\/div>\n","protected":false},"excerpt":{"rendered":"<p>O julgamento do ex-presidente Jair Bolsonaro (PL) e outros sete r\u00e9us por tentativa de golpe de Estado ser\u00e1 retomado na tarde desta quinta-feira, 11, com voto da ministra C\u00e1rmen L\u00facia, que pode formar maioria para a condena\u00e7\u00e3o dos supostos envolvidos na trama golpista. At\u00e9 o momento, o placar da vota\u00e7\u00e3o est\u00e1 2 x 1 a favor da condena\u00e7\u00e3o do ex-mandat\u00e1rio depois de mais de 10h de\u00a0voto do ministro Luiz Fux, na Primeira Turma. J\u00e1 votaram os seguintes magistrados: Alexandre de Moraes, relator do caso, e Fl\u00e1vio Dino. Pr\u00f3ximos passos A vota\u00e7\u00e3o seguir\u00e1 da seguinte forma:\u00a0 A ministra C\u00e1rmen L\u00facia ser\u00e1 [&hellip;]<\/p>\n","protected":false},"author":4,"featured_media":175374,"comment_status":"open","ping_status":"open","sticky":false,"template":"","format":"standard","meta":[],"categories":[296],"tags":[3310,433,1780,2867],"_links":{"self":[{"href":"https:\/\/www.cronicasdeitarantim.com.br\/v1\/wp-json\/wp\/v2\/posts\/175373"}],"collection":[{"href":"https:\/\/www.cronicasdeitarantim.com.br\/v1\/wp-json\/wp\/v2\/posts"}],"about":[{"href":"https:\/\/www.cronicasdeitarantim.com.br\/v1\/wp-json\/wp\/v2\/types\/post"}],"author":[{"embeddable":true,"href":"https:\/\/www.cronicasdeitarantim.com.br\/v1\/wp-json\/wp\/v2\/users\/4"}],"replies":[{"embeddable":true,"href":"https:\/\/www.cronicasdeitarantim.com.br\/v1\/wp-json\/wp\/v2\/comments?post=175373"}],"version-history":[{"count":2,"href":"https:\/\/www.cronicasdeitarantim.com.br\/v1\/wp-json\/wp\/v2\/posts\/175373\/revisions"}],"predecessor-version":[{"id":175376,"href":"https:\/\/www.cronicasdeitarantim.com.br\/v1\/wp-json\/wp\/v2\/posts\/175373\/revisions\/175376"}],"wp:featuredmedia":[{"embeddable":true,"href":"https:\/\/www.cronicasdeitarantim.com.br\/v1\/wp-json\/wp\/v2\/media\/175374"}],"wp:attachment":[{"href":"https:\/\/www.cronicasdeitarantim.com.br\/v1\/wp-json\/wp\/v2\/media?parent=175373"}],"wp:term":[{"taxonomy":"category","embeddable":true,"href":"https:\/\/www.cronicasdeitarantim.com.br\/v1\/wp-json\/wp\/v2\/categories?post=175373"},{"taxonomy":"post_tag","embeddable":true,"href":"https:\/\/www.cronicasdeitarantim.com.br\/v1\/wp-json\/wp\/v2\/tags?post=175373"}],"curies":[{"name":"wp","href":"https:\/\/api.w.org\/{rel}","templated":true}]}}