{"id":175369,"date":"2025-09-11T11:25:14","date_gmt":"2025-09-11T14:25:14","guid":{"rendered":"https:\/\/www.cronicasdeitarantim.com.br\/v1\/?p=175369"},"modified":"2025-09-11T11:25:45","modified_gmt":"2025-09-11T14:25:45","slug":"stf-pode-decidir-hoje-se-condena-ou-absolve-bolsonaro-e-outros-7-reus","status":"publish","type":"post","link":"https:\/\/www.cronicasdeitarantim.com.br\/v1\/2025\/09\/11\/stf-pode-decidir-hoje-se-condena-ou-absolve-bolsonaro-e-outros-7-reus\/","title":{"rendered":"STF pode decidir hoje se condena ou absolve Bolsonaro e outros 7 r\u00e9us"},"content":{"rendered":"<div class=\"conteudo_post\">\n<h4>A Primeira Turma do<strong>\u00a0Supremo Tribunal Federal (STF)<\/strong>\u00a0pode decidir na tarde desta quinta-feira, 11, o destino do ex-presidente Jair Bolsonaro (PL) e outros sete r\u00e9us por tentativa de\u00a0<strong>golpe de Estado.<\/strong><\/h4>\n<h4>A decis\u00e3o fica por conta do\u00a0<strong>voto da ministra C\u00e1rmen L\u00facia<\/strong>, pr\u00f3xima a proferir voto no colegiado da Corte, que pode se juntar com os demais ministros: Alexandre de Moraes, relator do caso, e Fl\u00e1vio Dino, e formar maioria pela condena\u00e7\u00e3o de Bolsonaro e de seus aliados.<\/h4>\n<h4>Caso ela opte por esse caminho, o placar de vota\u00e7\u00e3o na Corte ficar\u00e1 por 3 x 1. Se contr\u00e1rio, a \u00fanica magistrada na Turma pode se juntar ao ministro Luiz Fux, e votar pela absolvi\u00e7\u00e3o do ex-mandat\u00e1rio e dos demais r\u00e9us.<\/h4>\n<h4>Neste cen\u00e1rio, o placar ficar\u00e1 2 x 2, formando um empate na vota\u00e7\u00e3o, a ser definido pelo ministro Cristiano Zanin, presidente da Primeira Turma.<\/h4>\n<h4><strong>Pr\u00f3ximo passo<\/strong><\/h4>\n<h4>Mesmo se a maioria simples for formada, o julgamento n\u00e3o encerra nesta quinta. Haver\u00e1 uma nova sess\u00e3o para definir a dosimetria, que define as penas de cada r\u00e9u. A expectativa \u00e9 que isso seja definido na pr\u00f3xima sexta, 12. (Bahia.ba).<\/h4>\n<div>\n<div class=\"trv-player-container\">\n<div class=\"trv-wrapper\">\n<div id=\"br_video_player_629714cd5a6f77b0f9064c17b133a09dc3c659f9\" class=\"trvd_video_player trvdinstream\">\n<div class=\"media-player\">\n<div class=\"trv-video\">\n<div id=\"truvid_ima_container98494\" class=\"truvid_ima_container trv-ima-container-hidden\">\n<div><\/div>\n<\/div>\n<\/div>\n<\/div>\n<\/div>\n<\/div>\n<\/div>\n<\/div>\n<\/div>\n<div class=\"ui divider\"><\/div>\n<div class=\"ui items\">\n<div class=\"item\"><\/div>\n<\/div>\n","protected":false},"excerpt":{"rendered":"<p>A Primeira Turma do\u00a0Supremo Tribunal Federal (STF)\u00a0pode decidir na tarde desta quinta-feira, 11, o destino do ex-presidente Jair Bolsonaro (PL) e outros sete r\u00e9us por tentativa de\u00a0golpe de Estado. A decis\u00e3o fica por conta do\u00a0voto da ministra C\u00e1rmen L\u00facia, pr\u00f3xima a proferir voto no colegiado da Corte, que pode se juntar com os demais ministros: Alexandre de Moraes, relator do caso, e Fl\u00e1vio Dino, e formar maioria pela condena\u00e7\u00e3o de Bolsonaro e de seus aliados. Caso ela opte por esse caminho, o placar de vota\u00e7\u00e3o na Corte ficar\u00e1 por 3 x 1. Se contr\u00e1rio, a \u00fanica magistrada na Turma pode [&hellip;]<\/p>\n","protected":false},"author":4,"featured_media":175370,"comment_status":"open","ping_status":"open","sticky":false,"template":"","format":"standard","meta":[],"categories":[296],"tags":[1829,3310,433,975,1780],"_links":{"self":[{"href":"https:\/\/www.cronicasdeitarantim.com.br\/v1\/wp-json\/wp\/v2\/posts\/175369"}],"collection":[{"href":"https:\/\/www.cronicasdeitarantim.com.br\/v1\/wp-json\/wp\/v2\/posts"}],"about":[{"href":"https:\/\/www.cronicasdeitarantim.com.br\/v1\/wp-json\/wp\/v2\/types\/post"}],"author":[{"embeddable":true,"href":"https:\/\/www.cronicasdeitarantim.com.br\/v1\/wp-json\/wp\/v2\/users\/4"}],"replies":[{"embeddable":true,"href":"https:\/\/www.cronicasdeitarantim.com.br\/v1\/wp-json\/wp\/v2\/comments?post=175369"}],"version-history":[{"count":2,"href":"https:\/\/www.cronicasdeitarantim.com.br\/v1\/wp-json\/wp\/v2\/posts\/175369\/revisions"}],"predecessor-version":[{"id":175372,"href":"https:\/\/www.cronicasdeitarantim.com.br\/v1\/wp-json\/wp\/v2\/posts\/175369\/revisions\/175372"}],"wp:featuredmedia":[{"embeddable":true,"href":"https:\/\/www.cronicasdeitarantim.com.br\/v1\/wp-json\/wp\/v2\/media\/175370"}],"wp:attachment":[{"href":"https:\/\/www.cronicasdeitarantim.com.br\/v1\/wp-json\/wp\/v2\/media?parent=175369"}],"wp:term":[{"taxonomy":"category","embeddable":true,"href":"https:\/\/www.cronicasdeitarantim.com.br\/v1\/wp-json\/wp\/v2\/categories?post=175369"},{"taxonomy":"post_tag","embeddable":true,"href":"https:\/\/www.cronicasdeitarantim.com.br\/v1\/wp-json\/wp\/v2\/tags?post=175369"}],"curies":[{"name":"wp","href":"https:\/\/api.w.org\/{rel}","templated":true}]}}