{"id":175276,"date":"2025-09-08T11:06:35","date_gmt":"2025-09-08T14:06:35","guid":{"rendered":"https:\/\/www.cronicasdeitarantim.com.br\/v1\/?p=175276"},"modified":"2025-09-08T11:06:35","modified_gmt":"2025-09-08T14:06:35","slug":"ato-em-sao-paulo-no-7-de-setembro-seguidores-do-ex-presidente-exibe-bandeira-dos-eua","status":"publish","type":"post","link":"https:\/\/www.cronicasdeitarantim.com.br\/v1\/2025\/09\/08\/ato-em-sao-paulo-no-7-de-setembro-seguidores-do-ex-presidente-exibe-bandeira-dos-eua\/","title":{"rendered":"Ato em S\u00e3o Paulo no 7 de setembro seguidores do ex-presidente exibe bandeira dos EUA"},"content":{"rendered":"<h4>Os atos bolsonaristas realizados neste domingo, 7 de setembro, em comemora\u00e7\u00e3o ao Dia da Independ\u00eancia do Brasil, contaram com a presen\u00e7a de uma bandeira dos Estados Unidos, simbolizando apoio \u00e0s san\u00e7\u00f5es que o pa\u00eds imp\u00f4s ao Brasil pelo presidente Trump.<\/h4>\n<h4>O evento reuniu aliados do ex-presidente Jair Bolsonaro, que se encontra preso com tornozeleira eletrot\u00e9cnica,\u00a0 incluindo o governador de S\u00e3o Paulo, Tarc\u00edsio de Freitas, e filhos de Bolsonaro, que aproveitaram a ocasi\u00e3o para criticar o ministro Alexandre de Moraes, do Supremo Tribunal Federal (STF).<\/h4>\n<h4>Durante o ato, foram ouvidos xingamentos direcionados ao ministro, e seguidores de Bolsonaro afirmando que h\u00e1 uma ditadura no pa\u00eds.<\/h4>\n<p>&nbsp;<\/p>\n","protected":false},"excerpt":{"rendered":"<p>Os atos bolsonaristas realizados neste domingo, 7 de setembro, em comemora\u00e7\u00e3o ao Dia da Independ\u00eancia do Brasil, contaram com a presen\u00e7a de uma bandeira dos Estados Unidos, simbolizando apoio \u00e0s san\u00e7\u00f5es que o pa\u00eds imp\u00f4s ao Brasil pelo presidente Trump. O evento reuniu aliados do ex-presidente Jair Bolsonaro, que se encontra preso com tornozeleira eletrot\u00e9cnica,\u00a0 incluindo o governador de S\u00e3o Paulo, Tarc\u00edsio de Freitas, e filhos de Bolsonaro, que aproveitaram a ocasi\u00e3o para criticar o ministro Alexandre de Moraes, do Supremo Tribunal Federal (STF). Durante o ato, foram ouvidos xingamentos direcionados ao ministro, e seguidores de Bolsonaro afirmando que h\u00e1 [&hellip;]<\/p>\n","protected":false},"author":4,"featured_media":175278,"comment_status":"open","ping_status":"open","sticky":false,"template":"","format":"standard","meta":[],"categories":[1],"tags":[2552,3310,433,1780],"_links":{"self":[{"href":"https:\/\/www.cronicasdeitarantim.com.br\/v1\/wp-json\/wp\/v2\/posts\/175276"}],"collection":[{"href":"https:\/\/www.cronicasdeitarantim.com.br\/v1\/wp-json\/wp\/v2\/posts"}],"about":[{"href":"https:\/\/www.cronicasdeitarantim.com.br\/v1\/wp-json\/wp\/v2\/types\/post"}],"author":[{"embeddable":true,"href":"https:\/\/www.cronicasdeitarantim.com.br\/v1\/wp-json\/wp\/v2\/users\/4"}],"replies":[{"embeddable":true,"href":"https:\/\/www.cronicasdeitarantim.com.br\/v1\/wp-json\/wp\/v2\/comments?post=175276"}],"version-history":[{"count":2,"href":"https:\/\/www.cronicasdeitarantim.com.br\/v1\/wp-json\/wp\/v2\/posts\/175276\/revisions"}],"predecessor-version":[{"id":175279,"href":"https:\/\/www.cronicasdeitarantim.com.br\/v1\/wp-json\/wp\/v2\/posts\/175276\/revisions\/175279"}],"wp:featuredmedia":[{"embeddable":true,"href":"https:\/\/www.cronicasdeitarantim.com.br\/v1\/wp-json\/wp\/v2\/media\/175278"}],"wp:attachment":[{"href":"https:\/\/www.cronicasdeitarantim.com.br\/v1\/wp-json\/wp\/v2\/media?parent=175276"}],"wp:term":[{"taxonomy":"category","embeddable":true,"href":"https:\/\/www.cronicasdeitarantim.com.br\/v1\/wp-json\/wp\/v2\/categories?post=175276"},{"taxonomy":"post_tag","embeddable":true,"href":"https:\/\/www.cronicasdeitarantim.com.br\/v1\/wp-json\/wp\/v2\/tags?post=175276"}],"curies":[{"name":"wp","href":"https:\/\/api.w.org\/{rel}","templated":true}]}}