{"id":175163,"date":"2025-09-03T10:13:41","date_gmt":"2025-09-03T13:13:41","guid":{"rendered":"https:\/\/www.cronicasdeitarantim.com.br\/v1\/?p=175163"},"modified":"2025-09-03T10:13:41","modified_gmt":"2025-09-03T13:13:41","slug":"carteira-nacional-do-professor-comeca-a-ser-entregue-em-outubro-veja-os-beneficios","status":"publish","type":"post","link":"https:\/\/www.cronicasdeitarantim.com.br\/v1\/2025\/09\/03\/carteira-nacional-do-professor-comeca-a-ser-entregue-em-outubro-veja-os-beneficios\/","title":{"rendered":"Carteira Nacional do Professor come\u00e7a a ser entregue em outubro; veja os benef\u00edcios"},"content":{"rendered":"<article id=\"post-240278\" class=\"post-240278 post type-post status-publish format-standard has-post-thumbnail hentry category-noticias\">\n<div class=\"container-post\">\n<div class=\"entry-content\">\n<p>O ministro da Educa\u00e7\u00e3o, Camilo Santana, anunciou nesta segunda-feira (1\u00ba) que a Carteira Nacional de Docente do Brasil (CNDB) ser\u00e1 entregue a partir de outubro, m\u00eas em que se comemora o Dia do Professor. O documento foi autorizado pelo Projeto de Lei 41\/2025, aprovado em regime de urg\u00eancia pela C\u00e2mara dos Deputados em 19 de agosto. A san\u00e7\u00e3o presidencial est\u00e1 prevista para 15 de outubro.<\/p>\n<p><strong>Benef\u00edcios para os professores<\/strong><\/p>\n<p>Emitida pelo Minist\u00e9rio da Educa\u00e7\u00e3o (MEC), a CNDB ter\u00e1 validade nacional e garantir\u00e1:<\/p>\n<ul>\n<li data-start=\"715\" data-end=\"783\">\n<p data-start=\"717\" data-end=\"783\">Descontos em eventos culturais, como cinema, teatro e shows;<\/p>\n<\/li>\n<li data-start=\"784\" data-end=\"861\">\n<p data-start=\"786\" data-end=\"861\">Cart\u00e3o de cr\u00e9dito vinculado \u00e0 Caixa ou Banco do Brasil, sem anuidade;<\/p>\n<\/li>\n<li data-start=\"862\" data-end=\"996\">\n<p data-start=\"864\" data-end=\"996\">15% de desconto em tarifas de hot\u00e9is, a partir de parceria com a Associa\u00e7\u00e3o Brasileira da Ind\u00fastria de Hot\u00e9is (ABIH Nacional).<\/p>\n<\/li>\n<\/ul>\n<p>O ministro adiantou que outras vantagens ser\u00e3o anunciadas em outubro, junto \u00e0 san\u00e7\u00e3o da lei e \u00e0 entrega oficial das carteiras.<\/p>\n<p><strong>Quem ter\u00e1 direito?\u00a0<\/strong><\/p>\n<p>A CNDB ser\u00e1 destinada exclusivamente a professores da rede p\u00fablica e privada, em todas as esferas (federal, estadual e municipal). Para solicitar o documento, o professor deve preencher\u00a0<a href=\"https:\/\/maisprofessores.mec.gov.br\/login\" target=\"_blank\" rel=\"noopener\"><strong>cadastro no site<\/strong><\/a>\u00a0do Programa Mais Professores para o Brasil, usando login Gov.br (CPF e senha). As informa\u00e7\u00f5es ser\u00e3o checadas em bases do governo, como a Receita Federal e o Censo Escolar. Estados, munic\u00edpios e o Distrito Federal ser\u00e3o respons\u00e1veis por atualizar os dados dos profissionais. A iniciativa integra o programa Mais Professores para o Brasil, que re\u00fane a\u00e7\u00f5es de valoriza\u00e7\u00e3o, qualifica\u00e7\u00e3o e incentivo \u00e0 doc\u00eancia.<\/p>\n<\/div>\n<footer class=\"entry-footer\"><\/footer>\n<\/div>\n<\/article>\n<div class=\"my-2\"><\/div>\n<article id=\"post-240274\" class=\"post-240274 post type-post status-publish format-standard has-post-thumbnail hentry category-noticias\">\n<div class=\"container-post\"><\/div>\n<\/article>\n","protected":false},"excerpt":{"rendered":"<p>O ministro da Educa\u00e7\u00e3o, Camilo Santana, anunciou nesta segunda-feira (1\u00ba) que a Carteira Nacional de Docente do Brasil (CNDB) ser\u00e1 entregue a partir de outubro, m\u00eas em que se comemora o Dia do Professor. O documento foi autorizado pelo Projeto de Lei 41\/2025, aprovado em regime de urg\u00eancia pela C\u00e2mara dos Deputados em 19 de agosto. A san\u00e7\u00e3o presidencial est\u00e1 prevista para 15 de outubro. Benef\u00edcios para os professores Emitida pelo Minist\u00e9rio da Educa\u00e7\u00e3o (MEC), a CNDB ter\u00e1 validade nacional e garantir\u00e1: Descontos em eventos culturais, como cinema, teatro e shows; Cart\u00e3o de cr\u00e9dito vinculado \u00e0 Caixa ou Banco do [&hellip;]<\/p>\n","protected":false},"author":4,"featured_media":175164,"comment_status":"open","ping_status":"open","sticky":false,"template":"","format":"standard","meta":[],"categories":[296],"tags":[3310,433,3516,1780,2915],"_links":{"self":[{"href":"https:\/\/www.cronicasdeitarantim.com.br\/v1\/wp-json\/wp\/v2\/posts\/175163"}],"collection":[{"href":"https:\/\/www.cronicasdeitarantim.com.br\/v1\/wp-json\/wp\/v2\/posts"}],"about":[{"href":"https:\/\/www.cronicasdeitarantim.com.br\/v1\/wp-json\/wp\/v2\/types\/post"}],"author":[{"embeddable":true,"href":"https:\/\/www.cronicasdeitarantim.com.br\/v1\/wp-json\/wp\/v2\/users\/4"}],"replies":[{"embeddable":true,"href":"https:\/\/www.cronicasdeitarantim.com.br\/v1\/wp-json\/wp\/v2\/comments?post=175163"}],"version-history":[{"count":1,"href":"https:\/\/www.cronicasdeitarantim.com.br\/v1\/wp-json\/wp\/v2\/posts\/175163\/revisions"}],"predecessor-version":[{"id":175165,"href":"https:\/\/www.cronicasdeitarantim.com.br\/v1\/wp-json\/wp\/v2\/posts\/175163\/revisions\/175165"}],"wp:featuredmedia":[{"embeddable":true,"href":"https:\/\/www.cronicasdeitarantim.com.br\/v1\/wp-json\/wp\/v2\/media\/175164"}],"wp:attachment":[{"href":"https:\/\/www.cronicasdeitarantim.com.br\/v1\/wp-json\/wp\/v2\/media?parent=175163"}],"wp:term":[{"taxonomy":"category","embeddable":true,"href":"https:\/\/www.cronicasdeitarantim.com.br\/v1\/wp-json\/wp\/v2\/categories?post=175163"},{"taxonomy":"post_tag","embeddable":true,"href":"https:\/\/www.cronicasdeitarantim.com.br\/v1\/wp-json\/wp\/v2\/tags?post=175163"}],"curies":[{"name":"wp","href":"https:\/\/api.w.org\/{rel}","templated":true}]}}