{"id":175157,"date":"2025-09-02T19:12:12","date_gmt":"2025-09-02T22:12:12","guid":{"rendered":"https:\/\/www.cronicasdeitarantim.com.br\/v1\/?p=175157"},"modified":"2025-09-02T19:12:12","modified_gmt":"2025-09-02T22:12:12","slug":"manifestacao-de-morador-na-camara-pedindo-melhorias-em-bairro-chama-atencao","status":"publish","type":"post","link":"https:\/\/www.cronicasdeitarantim.com.br\/v1\/2025\/09\/02\/manifestacao-de-morador-na-camara-pedindo-melhorias-em-bairro-chama-atencao\/","title":{"rendered":"Manifesta\u00e7\u00e3o de morador na C\u00e2mara pedindo melhorias em bairro chama aten\u00e7\u00e3o"},"content":{"rendered":"<p>Um manifesto na sess\u00e3o ordin\u00e1ria da C\u00e2mara de Vereadores de Itarantim na noite desta ter\u00e7a-feira, 02 de setembro, chamou aten\u00e7\u00e3o.<\/p>\n<p>O morador estava com um cartaz, sozinho, pedindo melhorias para um bairro de nome Sol Nascente que se encontra sem saneamento b\u00e1sico, sem energia e faltando estruturas fundamentais para a dignidade humana.<\/p>\n<p>O homem conhecido na cidade pelo nome de Joelton mostrava a todos momento o cartaz para os vereadores no momento de suas falas.<\/p>\n","protected":false},"excerpt":{"rendered":"<p>Um manifesto na sess\u00e3o ordin\u00e1ria da C\u00e2mara de Vereadores de Itarantim na noite desta ter\u00e7a-feira, 02 de setembro, chamou aten\u00e7\u00e3o. O morador estava com um cartaz, sozinho, pedindo melhorias para um bairro de nome Sol Nascente que se encontra sem saneamento b\u00e1sico, sem energia e faltando estruturas fundamentais para a dignidade humana. O homem conhecido na cidade pelo nome de Joelton mostrava a todos momento o cartaz para os vereadores no momento de suas falas.<\/p>\n","protected":false},"author":4,"featured_media":175159,"comment_status":"open","ping_status":"open","sticky":false,"template":"","format":"standard","meta":[],"categories":[1],"tags":[3310,1780,385,946],"_links":{"self":[{"href":"https:\/\/www.cronicasdeitarantim.com.br\/v1\/wp-json\/wp\/v2\/posts\/175157"}],"collection":[{"href":"https:\/\/www.cronicasdeitarantim.com.br\/v1\/wp-json\/wp\/v2\/posts"}],"about":[{"href":"https:\/\/www.cronicasdeitarantim.com.br\/v1\/wp-json\/wp\/v2\/types\/post"}],"author":[{"embeddable":true,"href":"https:\/\/www.cronicasdeitarantim.com.br\/v1\/wp-json\/wp\/v2\/users\/4"}],"replies":[{"embeddable":true,"href":"https:\/\/www.cronicasdeitarantim.com.br\/v1\/wp-json\/wp\/v2\/comments?post=175157"}],"version-history":[{"count":1,"href":"https:\/\/www.cronicasdeitarantim.com.br\/v1\/wp-json\/wp\/v2\/posts\/175157\/revisions"}],"predecessor-version":[{"id":175158,"href":"https:\/\/www.cronicasdeitarantim.com.br\/v1\/wp-json\/wp\/v2\/posts\/175157\/revisions\/175158"}],"wp:featuredmedia":[{"embeddable":true,"href":"https:\/\/www.cronicasdeitarantim.com.br\/v1\/wp-json\/wp\/v2\/media\/175159"}],"wp:attachment":[{"href":"https:\/\/www.cronicasdeitarantim.com.br\/v1\/wp-json\/wp\/v2\/media?parent=175157"}],"wp:term":[{"taxonomy":"category","embeddable":true,"href":"https:\/\/www.cronicasdeitarantim.com.br\/v1\/wp-json\/wp\/v2\/categories?post=175157"},{"taxonomy":"post_tag","embeddable":true,"href":"https:\/\/www.cronicasdeitarantim.com.br\/v1\/wp-json\/wp\/v2\/tags?post=175157"}],"curies":[{"name":"wp","href":"https:\/\/api.w.org\/{rel}","templated":true}]}}