{"id":175127,"date":"2025-09-01T18:09:13","date_gmt":"2025-09-01T21:09:13","guid":{"rendered":"https:\/\/www.cronicasdeitarantim.com.br\/v1\/?p=175127"},"modified":"2025-09-02T00:18:32","modified_gmt":"2025-09-02T03:18:32","slug":"mortos-em-itarantim-nesta-segunda-feira-em-confronto-com-a-policia-eram-de-fora-e-tramavam-mais-mortes-na-cidade","status":"publish","type":"post","link":"https:\/\/www.cronicasdeitarantim.com.br\/v1\/2025\/09\/01\/mortos-em-itarantim-nesta-segunda-feira-em-confronto-com-a-policia-eram-de-fora-e-tramavam-mais-mortes-na-cidade\/","title":{"rendered":"Mortos em Itarantim nesta segunda-feira em confronto com a pol\u00edcia eram de fora e tramavam mais mortes na cidade"},"content":{"rendered":"<h4>Tr\u00eas homens morreram em um confronto com a pol\u00edcia na tarde desta segunda-feira, 1\u00ba de setembro, no bairro Bob Kennedy, em Itarantim. Os indiv\u00edduos, que n\u00e3o tiveram suas identidades divulgadas at\u00e9 o momento, estavam escondidos em uma resid\u00eancia na localidade conhecida como Cascalheira.<\/h4>\n<h4>Segundo informa\u00e7\u00f5es obtidas pelo site Cr\u00f4nicas de Itarantim junto \u00e0s autoridades policiais, os suspeitos s\u00e3o de fora do munic\u00edpio e teriam planos de cometer mais homic\u00eddios na cidade durante a noite de segunda-feira. O tiroteio ocorreu em uma \u00e1rea de pasto na regi\u00e3o da Cascalheira, um evento que chamou a aten\u00e7\u00e3o de moradores locais.<\/h4>\n<h4>Durante toda a tarde, uma grande movimenta\u00e7\u00e3o policial foi registrada pelas ruas de Itarantim. Os homens atingidos chegaram a receber atendimento no Hospital Regional de Itarantim, mas infelizmente o \u00f3bito de todos foi confirmado.<\/h4>\n<h4>Ainda n\u00e3o h\u00e1 informa\u00e7\u00f5es concretas que liguem os homens mortos nesta opera\u00e7\u00e3o policial ao assassinato do jovem Natanael Santos, ocorrido no domingo em sua resid\u00eancia. As investiga\u00e7\u00f5es seguem em andamento.<\/h4>\n<h4>Neste final de tarde, a pol\u00edcia continua realizando buscas no bairro Bob Kennedy, e guarni\u00e7\u00f5es adicionais devem refor\u00e7ar o policiamento em Itarantim durante a noite.<\/h4>\n<p>&nbsp;<\/p>\n","protected":false},"excerpt":{"rendered":"<p>Tr\u00eas homens morreram em um confronto com a pol\u00edcia na tarde desta segunda-feira, 1\u00ba de setembro, no bairro Bob Kennedy, em Itarantim. Os indiv\u00edduos, que n\u00e3o tiveram suas identidades divulgadas at\u00e9 o momento, estavam escondidos em uma resid\u00eancia na localidade conhecida como Cascalheira. Segundo informa\u00e7\u00f5es obtidas pelo site Cr\u00f4nicas de Itarantim junto \u00e0s autoridades policiais, os suspeitos s\u00e3o de fora do munic\u00edpio e teriam planos de cometer mais homic\u00eddios na cidade durante a noite de segunda-feira. O tiroteio ocorreu em uma \u00e1rea de pasto na regi\u00e3o da Cascalheira, um evento que chamou a aten\u00e7\u00e3o de moradores locais. Durante toda a [&hellip;]<\/p>\n","protected":false},"author":4,"featured_media":175128,"comment_status":"open","ping_status":"open","sticky":false,"template":"","format":"standard","meta":[],"categories":[306],"tags":[3310,1780,385,444],"_links":{"self":[{"href":"https:\/\/www.cronicasdeitarantim.com.br\/v1\/wp-json\/wp\/v2\/posts\/175127"}],"collection":[{"href":"https:\/\/www.cronicasdeitarantim.com.br\/v1\/wp-json\/wp\/v2\/posts"}],"about":[{"href":"https:\/\/www.cronicasdeitarantim.com.br\/v1\/wp-json\/wp\/v2\/types\/post"}],"author":[{"embeddable":true,"href":"https:\/\/www.cronicasdeitarantim.com.br\/v1\/wp-json\/wp\/v2\/users\/4"}],"replies":[{"embeddable":true,"href":"https:\/\/www.cronicasdeitarantim.com.br\/v1\/wp-json\/wp\/v2\/comments?post=175127"}],"version-history":[{"count":2,"href":"https:\/\/www.cronicasdeitarantim.com.br\/v1\/wp-json\/wp\/v2\/posts\/175127\/revisions"}],"predecessor-version":[{"id":175133,"href":"https:\/\/www.cronicasdeitarantim.com.br\/v1\/wp-json\/wp\/v2\/posts\/175127\/revisions\/175133"}],"wp:featuredmedia":[{"embeddable":true,"href":"https:\/\/www.cronicasdeitarantim.com.br\/v1\/wp-json\/wp\/v2\/media\/175128"}],"wp:attachment":[{"href":"https:\/\/www.cronicasdeitarantim.com.br\/v1\/wp-json\/wp\/v2\/media?parent=175127"}],"wp:term":[{"taxonomy":"category","embeddable":true,"href":"https:\/\/www.cronicasdeitarantim.com.br\/v1\/wp-json\/wp\/v2\/categories?post=175127"},{"taxonomy":"post_tag","embeddable":true,"href":"https:\/\/www.cronicasdeitarantim.com.br\/v1\/wp-json\/wp\/v2\/tags?post=175127"}],"curies":[{"name":"wp","href":"https:\/\/api.w.org\/{rel}","templated":true}]}}