{"id":175118,"date":"2025-09-01T09:00:49","date_gmt":"2025-09-01T12:00:49","guid":{"rendered":"https:\/\/www.cronicasdeitarantim.com.br\/v1\/?p=175118"},"modified":"2025-09-01T09:00:49","modified_gmt":"2025-09-01T12:00:49","slug":"brasil-entenda-passo-a-passo-o-julgamento-do-ex-presidente-bolsonaro-que-tera-inicio-nesta-terca-feira","status":"publish","type":"post","link":"https:\/\/www.cronicasdeitarantim.com.br\/v1\/2025\/09\/01\/brasil-entenda-passo-a-passo-o-julgamento-do-ex-presidente-bolsonaro-que-tera-inicio-nesta-terca-feira\/","title":{"rendered":"Brasil: Entenda passo a passo o julgamento do ex-presidente Bolsonaro que ter\u00e1 in\u00edcio nesta ter\u00e7a-feira"},"content":{"rendered":"<div class=\"conteudo_post\">\n<h4>O Supremo Tribunal Federal (STF) d\u00e1 in\u00edcio na ter\u00e7a-feira, 2, ao julgamento do<strong>\u00a0ex-presidente Jair Bolsonaro<\/strong>\u00a0e outros sete r\u00e9us envolvidos na trama golpista ap\u00f3s as elei\u00e7\u00f5es de 2022, que elegeu Lula (PT) \u00e0 presid\u00eancia do pa\u00eds.<\/h4>\n<h4>O caso est\u00e1 sob an\u00e1lise da Primeira Turma da Corte, sob a presid\u00eancia do ministro Cristiano Zanin, que far\u00e1 a leitura do processo, e em seguida, passar\u00e1 a palavra para o relator do caso, ministro Alexandre de Moraes.<\/h4>\n<h4>Nesta ter\u00e7a, ainda n\u00e3o deve ser deferido o resultado do processo que pode condenar ou absolver o ex-mandat\u00e1rio por suposta participa\u00e7\u00e3o no golpe de Estado.<\/h4>\n<h4><strong>Isso porque a primeira sess\u00e3o envolve os seguintes passos:<\/strong><\/h4>\n<h4>Leitura do relat\u00f3rio;<\/h4>\n<h4>Leitura dos dados da investiga\u00e7\u00e3o;<\/h4>\n<h4>Alega\u00e7\u00f5es das partes;<\/h4>\n<h4>Fala da defesa dos r\u00e9us, que ter\u00e3o uma hora para rebater as acusa\u00e7\u00f5es.<\/h4>\n<h4>O procurador-geral da Rep\u00fablica, Paulo Gonet, ter\u00e1 duas horas para apresentar as provas contra os r\u00e9us.<\/h4>\n<h4><strong>Vota\u00e7\u00e3o\u00a0<\/strong><\/h4>\n<h4>Ap\u00f3s o tr\u00e2mite, \u00e9 o momento da vota\u00e7\u00e3o dos magistrados. O voto ser\u00e1 iniciado pelo relator do processo, ministro Alexandre de Moraes, que pode ter a opini\u00e3o seguida pelos demais.<\/h4>\n<h4>Passado o voto de Moraes, votam na sequ\u00eancia:<\/h4>\n<h4>Fl\u00e1vio Dino;<\/h4>\n<h4>Luiz Fux;<\/h4>\n<h4>C\u00e1rmen L\u00facia;<\/h4>\n<h4>Cristiano Zanin.<\/h4>\n<h4>Se acharem necess\u00e1rio, os magistrados ainda podem pedir vista sobre o caso, isto \u00e9, mais tempo para estudar o processo. Com o pedido, o julgamento \u00e9 interrompido e retomado ap\u00f3s 90 dias.<\/h4>\n<h4>A expectativa \u00e9 o que o processo seja encerrado no dia 12 de setembro.<\/h4>\n<h4>Se condenados, os r\u00e9us poder\u00e3o pegar mais de 40 anos de pris\u00e3o.<\/h4>\n<h4><strong>Saiba quem s\u00e3o os r\u00e9us:<\/strong><\/h4>\n<h4>Jair Bolsonaro, ex-presidente;<\/h4>\n<h4>Alexandre Ramagem, ex-diretor da Abin;<\/h4>\n<h4>Almir Garnier, ex-comandante da Marinha;<\/h4>\n<h4>Anderson Torres, ex-ministro da Justi\u00e7a;<\/h4>\n<h4>Augusto Heleno, ex-ministro do GSI;<\/h4>\n<h4>Mauro Cid, ex-ajudante de ordens da Presid\u00eancia;<\/h4>\n<h4>Paulo S\u00e9rgio Nogueira, ex-ministro da Defesa;<\/h4>\n<h4>Walter Braga Netto, ex-ministro da Casa Civil.<\/h4>\n<h4><strong>Calend\u00e1rio de sess\u00f5es<\/strong><\/h4>\n<h4>Ter\u00e7a-feira, 2\/9 \u2013 9h-19h<\/h4>\n<h4>Quarta-feira, 3\/9 \u2013 9h-12h<\/h4>\n<h4>Ter\u00e7a-feira, 9\/9 \u2013 9h-19h<\/h4>\n<h4>Quarta-feira, 10\/9 \u2013 9h-12h<\/h4>\n<h4>Sexta-feira, 12\/9 \u2013 9h-19h<\/h4>\n<\/div>\n<div id=\"div-share\"><\/div>\n","protected":false},"excerpt":{"rendered":"<p>O Supremo Tribunal Federal (STF) d\u00e1 in\u00edcio na ter\u00e7a-feira, 2, ao julgamento do\u00a0ex-presidente Jair Bolsonaro\u00a0e outros sete r\u00e9us envolvidos na trama golpista ap\u00f3s as elei\u00e7\u00f5es de 2022, que elegeu Lula (PT) \u00e0 presid\u00eancia do pa\u00eds. O caso est\u00e1 sob an\u00e1lise da Primeira Turma da Corte, sob a presid\u00eancia do ministro Cristiano Zanin, que far\u00e1 a leitura do processo, e em seguida, passar\u00e1 a palavra para o relator do caso, ministro Alexandre de Moraes. Nesta ter\u00e7a, ainda n\u00e3o deve ser deferido o resultado do processo que pode condenar ou absolver o ex-mandat\u00e1rio por suposta participa\u00e7\u00e3o no golpe de Estado. Isso porque [&hellip;]<\/p>\n","protected":false},"author":4,"featured_media":174902,"comment_status":"open","ping_status":"open","sticky":false,"template":"","format":"standard","meta":[],"categories":[296],"tags":[3310,1240,1780,1705],"_links":{"self":[{"href":"https:\/\/www.cronicasdeitarantim.com.br\/v1\/wp-json\/wp\/v2\/posts\/175118"}],"collection":[{"href":"https:\/\/www.cronicasdeitarantim.com.br\/v1\/wp-json\/wp\/v2\/posts"}],"about":[{"href":"https:\/\/www.cronicasdeitarantim.com.br\/v1\/wp-json\/wp\/v2\/types\/post"}],"author":[{"embeddable":true,"href":"https:\/\/www.cronicasdeitarantim.com.br\/v1\/wp-json\/wp\/v2\/users\/4"}],"replies":[{"embeddable":true,"href":"https:\/\/www.cronicasdeitarantim.com.br\/v1\/wp-json\/wp\/v2\/comments?post=175118"}],"version-history":[{"count":1,"href":"https:\/\/www.cronicasdeitarantim.com.br\/v1\/wp-json\/wp\/v2\/posts\/175118\/revisions"}],"predecessor-version":[{"id":175119,"href":"https:\/\/www.cronicasdeitarantim.com.br\/v1\/wp-json\/wp\/v2\/posts\/175118\/revisions\/175119"}],"wp:featuredmedia":[{"embeddable":true,"href":"https:\/\/www.cronicasdeitarantim.com.br\/v1\/wp-json\/wp\/v2\/media\/174902"}],"wp:attachment":[{"href":"https:\/\/www.cronicasdeitarantim.com.br\/v1\/wp-json\/wp\/v2\/media?parent=175118"}],"wp:term":[{"taxonomy":"category","embeddable":true,"href":"https:\/\/www.cronicasdeitarantim.com.br\/v1\/wp-json\/wp\/v2\/categories?post=175118"},{"taxonomy":"post_tag","embeddable":true,"href":"https:\/\/www.cronicasdeitarantim.com.br\/v1\/wp-json\/wp\/v2\/tags?post=175118"}],"curies":[{"name":"wp","href":"https:\/\/api.w.org\/{rel}","templated":true}]}}