{"id":175088,"date":"2025-08-28T15:07:59","date_gmt":"2025-08-28T18:07:59","guid":{"rendered":"https:\/\/www.cronicasdeitarantim.com.br\/v1\/?p=175088"},"modified":"2025-08-28T15:08:17","modified_gmt":"2025-08-28T18:08:17","slug":"descaso-na-saude-de-maiquinique-moradora-implora-por-atendimento-na-secretaria-de-saude-e-denuncia-humilhacao","status":"publish","type":"post","link":"https:\/\/www.cronicasdeitarantim.com.br\/v1\/2025\/08\/28\/descaso-na-saude-de-maiquinique-moradora-implora-por-atendimento-na-secretaria-de-saude-e-denuncia-humilhacao\/","title":{"rendered":"Descaso na sa\u00fade de Maiquinique: Moradora implora por atendimento na secretaria de sa\u00fade e denuncia humilha\u00e7\u00e3o"},"content":{"rendered":"<h4>Uma moradora de Maiquinique utilizou uma r\u00e1dio local nesta quinta-feira, 28 de agosto, para implorar socorro \u00e0 Prefeitura e \u00e0 Secretaria Municipal de Sa\u00fade. A mulher relatou ter sido submetida a humilha\u00e7\u00f5es e a um descaso por parte da pasta respons\u00e1vel e que foi impedida de entrar no espa\u00e7o. Segundo ela, a Prefeitura prometeu uma cirurgia que \u00e9 necess\u00e1rio para prolongar sua vida, mas que at\u00e9 hoje n\u00e3o obteve respostas.<\/h4>\n<h4>Em um desabafo emotivo, a cidad\u00e3 implora por atendimento m\u00e9dico, afirmando que sua situa\u00e7\u00e3o chegou a um limite insuport\u00e1vel de humilha\u00e7\u00e3o. Ela expressa o desejo de &#8220;viver um pouco mais&#8221;, evidenciando a gravidade de sua necessidade e a urg\u00eancia de uma resposta por parte do poder p\u00fablico municipal.<\/h4>\n<h4>A den\u00fancia levanta preocupa\u00e7\u00f5es sobre o acesso \u00e0 sa\u00fade b\u00e1sica no munic\u00edpio e a forma como os cidad\u00e3os em situa\u00e7\u00e3o de vulnerabilidade est\u00e3o sendo tratados pela administra\u00e7\u00e3o da prefeita Val\u00e9ria Silveira e seu secret\u00e1rio de sa\u00fade.<\/h4>\n<h4>Lembrando que a pasta da sa\u00fade do governo Val\u00e9ria \u00e9 uma das piores avaliada no munic\u00edpio pela comunidade.<\/h4>\n<h4>Ou\u00e7a o pedido de sobreviv\u00eancia da mulher:<\/h4>\n<p><iframe loading=\"lazy\" title=\"Moradora de Maiquinique clama por atendimento e sobreviv\u00eancia para Prefeitura de Maiquinique. \" width=\"1200\" height=\"900\" src=\"https:\/\/www.youtube.com\/embed\/vx1MWwke9xg?feature=oembed\" frameborder=\"0\" allow=\"accelerometer; autoplay; clipboard-write; encrypted-media; gyroscope; picture-in-picture; web-share\" referrerpolicy=\"strict-origin-when-cross-origin\" allowfullscreen><\/iframe><\/p>\n","protected":false},"excerpt":{"rendered":"<p>Uma moradora de Maiquinique utilizou uma r\u00e1dio local nesta quinta-feira, 28 de agosto, para implorar socorro \u00e0 Prefeitura e \u00e0 Secretaria Municipal de Sa\u00fade. A mulher relatou ter sido submetida a humilha\u00e7\u00f5es e a um descaso por parte da pasta respons\u00e1vel e que foi impedida de entrar no espa\u00e7o. Segundo ela, a Prefeitura prometeu uma cirurgia que \u00e9 necess\u00e1rio para prolongar sua vida, mas que at\u00e9 hoje n\u00e3o obteve respostas. Em um desabafo emotivo, a cidad\u00e3 implora por atendimento m\u00e9dico, afirmando que sua situa\u00e7\u00e3o chegou a um limite insuport\u00e1vel de humilha\u00e7\u00e3o. Ela expressa o desejo de &#8220;viver um pouco mais&#8221;, [&hellip;]<\/p>\n","protected":false},"author":4,"featured_media":175089,"comment_status":"open","ping_status":"open","sticky":false,"template":"","format":"standard","meta":[],"categories":[345],"tags":[3310,1780,1412,392,254],"_links":{"self":[{"href":"https:\/\/www.cronicasdeitarantim.com.br\/v1\/wp-json\/wp\/v2\/posts\/175088"}],"collection":[{"href":"https:\/\/www.cronicasdeitarantim.com.br\/v1\/wp-json\/wp\/v2\/posts"}],"about":[{"href":"https:\/\/www.cronicasdeitarantim.com.br\/v1\/wp-json\/wp\/v2\/types\/post"}],"author":[{"embeddable":true,"href":"https:\/\/www.cronicasdeitarantim.com.br\/v1\/wp-json\/wp\/v2\/users\/4"}],"replies":[{"embeddable":true,"href":"https:\/\/www.cronicasdeitarantim.com.br\/v1\/wp-json\/wp\/v2\/comments?post=175088"}],"version-history":[{"count":2,"href":"https:\/\/www.cronicasdeitarantim.com.br\/v1\/wp-json\/wp\/v2\/posts\/175088\/revisions"}],"predecessor-version":[{"id":175091,"href":"https:\/\/www.cronicasdeitarantim.com.br\/v1\/wp-json\/wp\/v2\/posts\/175088\/revisions\/175091"}],"wp:featuredmedia":[{"embeddable":true,"href":"https:\/\/www.cronicasdeitarantim.com.br\/v1\/wp-json\/wp\/v2\/media\/175089"}],"wp:attachment":[{"href":"https:\/\/www.cronicasdeitarantim.com.br\/v1\/wp-json\/wp\/v2\/media?parent=175088"}],"wp:term":[{"taxonomy":"category","embeddable":true,"href":"https:\/\/www.cronicasdeitarantim.com.br\/v1\/wp-json\/wp\/v2\/categories?post=175088"},{"taxonomy":"post_tag","embeddable":true,"href":"https:\/\/www.cronicasdeitarantim.com.br\/v1\/wp-json\/wp\/v2\/tags?post=175088"}],"curies":[{"name":"wp","href":"https:\/\/api.w.org\/{rel}","templated":true}]}}