{"id":175056,"date":"2025-08-27T12:50:55","date_gmt":"2025-08-27T15:50:55","guid":{"rendered":"https:\/\/www.cronicasdeitarantim.com.br\/v1\/?p=175056"},"modified":"2025-08-27T12:50:55","modified_gmt":"2025-08-27T15:50:55","slug":"prefeito-e-vice-do-municipio-de-contendas-do-sincora-foram-cassados-pela-justica-eleitoral-por-compra-de-votos","status":"publish","type":"post","link":"https:\/\/www.cronicasdeitarantim.com.br\/v1\/2025\/08\/27\/prefeito-e-vice-do-municipio-de-contendas-do-sincora-foram-cassados-pela-justica-eleitoral-por-compra-de-votos\/","title":{"rendered":"Prefeito e vice do munic\u00edpio de Contendas do Sincor\u00e1 foram cassados pela Justi\u00e7a Eleitoral por compra de votos"},"content":{"rendered":"<h4>A 58\u00aa Zona Eleitoral de Itua\u00e7u decidiu, nesta quarta-feira, cassar os diplomas do prefeito de Contendas do Sincor\u00e1, Ueliton Valdir Palmeira, e da vice, \u00c9rica Brito. A condena\u00e7\u00e3o se deu por pr\u00e1tica de capta\u00e7\u00e3o il\u00edcita de votos (compra de votos) e abuso do poder econ\u00f4mico durante as elei\u00e7\u00f5es de 2024.<\/h4>\n<h4>De acordo com a decis\u00e3o judicial, novas elei\u00e7\u00f5es dever\u00e3o ser convocadas pelo Tribunal Regional Eleitoral da Bahia ap\u00f3s o tr\u00e2nsito em julgado da senten\u00e7a. A a\u00e7\u00e3o que resultou na cassa\u00e7\u00e3o foi movida pelo grupo que disputou as elei\u00e7\u00f5es sob a denomina\u00e7\u00e3o &#8220;O Novo Tempo Continua&#8221;.<\/h4>\n<h4>As implica\u00e7\u00f5es dessa decis\u00e3o poder\u00e3o impactar significativamente a pol\u00edtica local, uma vez que novas elei\u00e7\u00f5es trar\u00e3o um novo cen\u00e1rio para a administra\u00e7\u00e3o do munic\u00edpio.<\/h4>\n","protected":false},"excerpt":{"rendered":"<p>A 58\u00aa Zona Eleitoral de Itua\u00e7u decidiu, nesta quarta-feira, cassar os diplomas do prefeito de Contendas do Sincor\u00e1, Ueliton Valdir Palmeira, e da vice, \u00c9rica Brito. A condena\u00e7\u00e3o se deu por pr\u00e1tica de capta\u00e7\u00e3o il\u00edcita de votos (compra de votos) e abuso do poder econ\u00f4mico durante as elei\u00e7\u00f5es de 2024. De acordo com a decis\u00e3o judicial, novas elei\u00e7\u00f5es dever\u00e3o ser convocadas pelo Tribunal Regional Eleitoral da Bahia ap\u00f3s o tr\u00e2nsito em julgado da senten\u00e7a. A a\u00e7\u00e3o que resultou na cassa\u00e7\u00e3o foi movida pelo grupo que disputou as elei\u00e7\u00f5es sob a denomina\u00e7\u00e3o &#8220;O Novo Tempo Continua&#8221;. As implica\u00e7\u00f5es dessa decis\u00e3o poder\u00e3o [&hellip;]<\/p>\n","protected":false},"author":4,"featured_media":175057,"comment_status":"open","ping_status":"open","sticky":false,"template":"","format":"standard","meta":[],"categories":[304],"tags":[76,3310,92,1780,1184],"_links":{"self":[{"href":"https:\/\/www.cronicasdeitarantim.com.br\/v1\/wp-json\/wp\/v2\/posts\/175056"}],"collection":[{"href":"https:\/\/www.cronicasdeitarantim.com.br\/v1\/wp-json\/wp\/v2\/posts"}],"about":[{"href":"https:\/\/www.cronicasdeitarantim.com.br\/v1\/wp-json\/wp\/v2\/types\/post"}],"author":[{"embeddable":true,"href":"https:\/\/www.cronicasdeitarantim.com.br\/v1\/wp-json\/wp\/v2\/users\/4"}],"replies":[{"embeddable":true,"href":"https:\/\/www.cronicasdeitarantim.com.br\/v1\/wp-json\/wp\/v2\/comments?post=175056"}],"version-history":[{"count":1,"href":"https:\/\/www.cronicasdeitarantim.com.br\/v1\/wp-json\/wp\/v2\/posts\/175056\/revisions"}],"predecessor-version":[{"id":175058,"href":"https:\/\/www.cronicasdeitarantim.com.br\/v1\/wp-json\/wp\/v2\/posts\/175056\/revisions\/175058"}],"wp:featuredmedia":[{"embeddable":true,"href":"https:\/\/www.cronicasdeitarantim.com.br\/v1\/wp-json\/wp\/v2\/media\/175057"}],"wp:attachment":[{"href":"https:\/\/www.cronicasdeitarantim.com.br\/v1\/wp-json\/wp\/v2\/media?parent=175056"}],"wp:term":[{"taxonomy":"category","embeddable":true,"href":"https:\/\/www.cronicasdeitarantim.com.br\/v1\/wp-json\/wp\/v2\/categories?post=175056"},{"taxonomy":"post_tag","embeddable":true,"href":"https:\/\/www.cronicasdeitarantim.com.br\/v1\/wp-json\/wp\/v2\/tags?post=175056"}],"curies":[{"name":"wp","href":"https:\/\/api.w.org\/{rel}","templated":true}]}}