{"id":174989,"date":"2025-08-22T15:09:23","date_gmt":"2025-08-22T18:09:23","guid":{"rendered":"https:\/\/www.cronicasdeitarantim.com.br\/v1\/?p=174989"},"modified":"2025-08-22T15:09:47","modified_gmt":"2025-08-22T18:09:47","slug":"prefeito-de-potiragua-garante-requalificacao-asfaltica-de-trecho-urbano-da-ba-270","status":"publish","type":"post","link":"https:\/\/www.cronicasdeitarantim.com.br\/v1\/2025\/08\/22\/prefeito-de-potiragua-garante-requalificacao-asfaltica-de-trecho-urbano-da-ba-270\/","title":{"rendered":"Prefeito de Potiragu\u00e1 garante requalifica\u00e7\u00e3o asf\u00e1ltica de trecho urbano da BA-270"},"content":{"rendered":"<h4>POTIRAGU\u00c1, BA \u2013 O prefeito de Potiragu\u00e1, Elias Carvalho (Avante), anunciou um importante avan\u00e7o para a infraestrutura do munic\u00edpio: a requalifica\u00e7\u00e3o asf\u00e1ltica do trecho urbano da BA-270, que se estende at\u00e9 o entroncamento com a BA-680, rodovia que conecta Potiragu\u00e1 \u00e0 BR-101. A conquista foi assegurada junto ao Governo do Estado da Bahia.<\/h4>\n<h4>Conforme apurado pelo site Pol\u00edticos do Sul da Bahia, a Secretaria de Infraestrutura da Bahia (Seinfra) j\u00e1 emitiu a autoriza\u00e7\u00e3o para que a Superintend\u00eancia de Infraestrutura de Transportes (SIT) tome as medidas cab\u00edveis junto \u00e0 empresa Mazza, contratada para executar a obra.<\/h4>\n<h4>A interven\u00e7\u00e3o asf\u00e1ltica \u00e9 amplamente aguardada pela popula\u00e7\u00e3o potiraguense. A rodovia em quest\u00e3o \u00e9 considerada um corredor log\u00edstico vital, sendo fundamental para o escoamento da produ\u00e7\u00e3o agr\u00edcola e para o acesso facilitado a munic\u00edpios vizinhos, al\u00e9m de ser uma importante via de liga\u00e7\u00e3o regional.<\/h4>\n","protected":false},"excerpt":{"rendered":"<p>POTIRAGU\u00c1, BA \u2013 O prefeito de Potiragu\u00e1, Elias Carvalho (Avante), anunciou um importante avan\u00e7o para a infraestrutura do munic\u00edpio: a requalifica\u00e7\u00e3o asf\u00e1ltica do trecho urbano da BA-270, que se estende at\u00e9 o entroncamento com a BA-680, rodovia que conecta Potiragu\u00e1 \u00e0 BR-101. A conquista foi assegurada junto ao Governo do Estado da Bahia. Conforme apurado pelo site Pol\u00edticos do Sul da Bahia, a Secretaria de Infraestrutura da Bahia (Seinfra) j\u00e1 emitiu a autoriza\u00e7\u00e3o para que a Superintend\u00eancia de Infraestrutura de Transportes (SIT) tome as medidas cab\u00edveis junto \u00e0 empresa Mazza, contratada para executar a obra. A interven\u00e7\u00e3o asf\u00e1ltica \u00e9 amplamente [&hellip;]<\/p>\n","protected":false},"author":4,"featured_media":174990,"comment_status":"open","ping_status":"open","sticky":false,"template":"","format":"standard","meta":[],"categories":[1],"tags":[1780,3168,437],"_links":{"self":[{"href":"https:\/\/www.cronicasdeitarantim.com.br\/v1\/wp-json\/wp\/v2\/posts\/174989"}],"collection":[{"href":"https:\/\/www.cronicasdeitarantim.com.br\/v1\/wp-json\/wp\/v2\/posts"}],"about":[{"href":"https:\/\/www.cronicasdeitarantim.com.br\/v1\/wp-json\/wp\/v2\/types\/post"}],"author":[{"embeddable":true,"href":"https:\/\/www.cronicasdeitarantim.com.br\/v1\/wp-json\/wp\/v2\/users\/4"}],"replies":[{"embeddable":true,"href":"https:\/\/www.cronicasdeitarantim.com.br\/v1\/wp-json\/wp\/v2\/comments?post=174989"}],"version-history":[{"count":2,"href":"https:\/\/www.cronicasdeitarantim.com.br\/v1\/wp-json\/wp\/v2\/posts\/174989\/revisions"}],"predecessor-version":[{"id":174992,"href":"https:\/\/www.cronicasdeitarantim.com.br\/v1\/wp-json\/wp\/v2\/posts\/174989\/revisions\/174992"}],"wp:featuredmedia":[{"embeddable":true,"href":"https:\/\/www.cronicasdeitarantim.com.br\/v1\/wp-json\/wp\/v2\/media\/174990"}],"wp:attachment":[{"href":"https:\/\/www.cronicasdeitarantim.com.br\/v1\/wp-json\/wp\/v2\/media?parent=174989"}],"wp:term":[{"taxonomy":"category","embeddable":true,"href":"https:\/\/www.cronicasdeitarantim.com.br\/v1\/wp-json\/wp\/v2\/categories?post=174989"},{"taxonomy":"post_tag","embeddable":true,"href":"https:\/\/www.cronicasdeitarantim.com.br\/v1\/wp-json\/wp\/v2\/tags?post=174989"}],"curies":[{"name":"wp","href":"https:\/\/api.w.org\/{rel}","templated":true}]}}