{"id":174919,"date":"2025-08-19T11:40:35","date_gmt":"2025-08-19T14:40:35","guid":{"rendered":"https:\/\/www.cronicasdeitarantim.com.br\/v1\/?p=174919"},"modified":"2025-08-19T11:40:35","modified_gmt":"2025-08-19T14:40:35","slug":"prefeita-de-maiquinique-contrata-sobrinho-medico-por-r-418-000-valor-superior-ao-de-outros-profissionais","status":"publish","type":"post","link":"https:\/\/www.cronicasdeitarantim.com.br\/v1\/2025\/08\/19\/prefeita-de-maiquinique-contrata-sobrinho-medico-por-r-418-000-valor-superior-ao-de-outros-profissionais\/","title":{"rendered":"Prefeita de Maiquinique contrata sobrinho m\u00e9dico por R$ 418.000, valor superior ao de outros profissionais"},"content":{"rendered":"<h4>Um contrato firmado pela Prefeitura de Maiquinique, no M\u00e9dio Sudoeste da Bahia, para a presta\u00e7\u00e3o de servi\u00e7os m\u00e9dicos no hospital municipal tem gerado questionamentos entre os moradores. O contrato, no valor de mais de R$ 418.000,00, destina-se \u00e0 atua\u00e7\u00e3o de um m\u00e9dico, e o que mais chama a aten\u00e7\u00e3o \u00e9 a rela\u00e7\u00e3o de parentesco do profissional com a prefeita do munic\u00edpio, Val\u00e9ria Silveira: ele \u00e9 seu sobrinho.<\/h4>\n<h4>Al\u00e9m do v\u00ednculo familiar, outro ponto que tem sido alvo de cr\u00edticas \u00e9 a disparidade salarial. O valor destinado ao sobrinho da prefeita \u00e9 significativamente superior aos contratos de outros m\u00e9dicos que atuam na mesma fun\u00e7\u00e3o na Prefeitura. Com este acordo, o m\u00e9dico pode chegar a receber cerca de R$ 30.000,00 mensais, um montante que supera o de outros profissionais com as mesmas responsabilidades.<\/h4>\n<h4>A situa\u00e7\u00e3o levanta e favorecimento na administra\u00e7\u00e3o p\u00fablica da prefeita. Moradores da cidade entraram em contato com a reda\u00e7\u00e3o do Cr\u00f4nicas de Itarantim, expressando preocupa\u00e7\u00e3o com a transpar\u00eancia dos gastos p\u00fablicos e a forma como os recursos est\u00e3o sendo alocados.<\/h4>\n<h4>A discrep\u00e2ncia nos valores dos contratos, aliada ao parentesco com a chefe do executivo municipal, alimenta o debate sobre a \u00e9tica na gest\u00e3o dos contratos na Prefeitura. Recentemente a Prefeitura do munic\u00edpio sofreu um bloqueio em recursos dos precat\u00f3rios, por conta de uma den\u00fancia.<\/h4>\n<h4>Se faz necess\u00e1rio que a prefeita de Maiquinique esclare\u00e7a os fatos da sele\u00e7\u00e3o e a justificativa para os valores diferenciados no contrato do sobrinho.<\/h4>\n<p>&nbsp;<\/p>\n","protected":false},"excerpt":{"rendered":"<p>Um contrato firmado pela Prefeitura de Maiquinique, no M\u00e9dio Sudoeste da Bahia, para a presta\u00e7\u00e3o de servi\u00e7os m\u00e9dicos no hospital municipal tem gerado questionamentos entre os moradores. O contrato, no valor de mais de R$ 418.000,00, destina-se \u00e0 atua\u00e7\u00e3o de um m\u00e9dico, e o que mais chama a aten\u00e7\u00e3o \u00e9 a rela\u00e7\u00e3o de parentesco do profissional com a prefeita do munic\u00edpio, Val\u00e9ria Silveira: ele \u00e9 seu sobrinho. Al\u00e9m do v\u00ednculo familiar, outro ponto que tem sido alvo de cr\u00edticas \u00e9 a disparidade salarial. O valor destinado ao sobrinho da prefeita \u00e9 significativamente superior aos contratos de outros m\u00e9dicos que atuam [&hellip;]<\/p>\n","protected":false},"author":4,"featured_media":174920,"comment_status":"open","ping_status":"open","sticky":false,"template":"","format":"standard","meta":[],"categories":[304],"tags":[3310,1780,392,2546],"_links":{"self":[{"href":"https:\/\/www.cronicasdeitarantim.com.br\/v1\/wp-json\/wp\/v2\/posts\/174919"}],"collection":[{"href":"https:\/\/www.cronicasdeitarantim.com.br\/v1\/wp-json\/wp\/v2\/posts"}],"about":[{"href":"https:\/\/www.cronicasdeitarantim.com.br\/v1\/wp-json\/wp\/v2\/types\/post"}],"author":[{"embeddable":true,"href":"https:\/\/www.cronicasdeitarantim.com.br\/v1\/wp-json\/wp\/v2\/users\/4"}],"replies":[{"embeddable":true,"href":"https:\/\/www.cronicasdeitarantim.com.br\/v1\/wp-json\/wp\/v2\/comments?post=174919"}],"version-history":[{"count":1,"href":"https:\/\/www.cronicasdeitarantim.com.br\/v1\/wp-json\/wp\/v2\/posts\/174919\/revisions"}],"predecessor-version":[{"id":174921,"href":"https:\/\/www.cronicasdeitarantim.com.br\/v1\/wp-json\/wp\/v2\/posts\/174919\/revisions\/174921"}],"wp:featuredmedia":[{"embeddable":true,"href":"https:\/\/www.cronicasdeitarantim.com.br\/v1\/wp-json\/wp\/v2\/media\/174920"}],"wp:attachment":[{"href":"https:\/\/www.cronicasdeitarantim.com.br\/v1\/wp-json\/wp\/v2\/media?parent=174919"}],"wp:term":[{"taxonomy":"category","embeddable":true,"href":"https:\/\/www.cronicasdeitarantim.com.br\/v1\/wp-json\/wp\/v2\/categories?post=174919"},{"taxonomy":"post_tag","embeddable":true,"href":"https:\/\/www.cronicasdeitarantim.com.br\/v1\/wp-json\/wp\/v2\/tags?post=174919"}],"curies":[{"name":"wp","href":"https:\/\/api.w.org\/{rel}","templated":true}]}}