{"id":174916,"date":"2025-08-19T03:35:37","date_gmt":"2025-08-19T06:35:37","guid":{"rendered":"https:\/\/www.cronicasdeitarantim.com.br\/v1\/?p=174916"},"modified":"2025-08-19T03:35:37","modified_gmt":"2025-08-19T06:35:37","slug":"bahia-prefeitura-fecha-contratos-milionarios-para-compra-de-pasteis-e-bolos","status":"publish","type":"post","link":"https:\/\/www.cronicasdeitarantim.com.br\/v1\/2025\/08\/19\/bahia-prefeitura-fecha-contratos-milionarios-para-compra-de-pasteis-e-bolos\/","title":{"rendered":"Bahia: Prefeitura fecha contratos milion\u00e1rios para compra de past\u00e9is e bolos"},"content":{"rendered":"<h4>A Prefeitura de Correntina, no oeste da Bahia, assinou tr\u00eas contratos milion\u00e1rios com panificadoras locais para o fornecimento de p\u00e3es, bolos e past\u00e9is destinados a secretarias e fundos municipais. Ao todo, os documentos preveem a compra de 50 mil bolos, 110 mil past\u00e9is e 80 mil p\u00e3es franceses ao longo de 12 meses, como informou o portal Bahia.ba.<\/h4>\n<h4>Entre as empresas contratadas est\u00e1 a Panificadora P\u00e3o Nosso LTDA, com capital social de R$ 100 mil, que firmou acordo no valor de R$ 849,5 mil. A estimativa preliminar desse contrato chegou a R$ 1,53 milh\u00e3o. Outra contemplada foi a Oliveira Com\u00e9rcio Filhos da Terra LTDA, tamb\u00e9m com capital de R$ 100 mil, cujo contrato \u00e9 de R$ 849,5 mil, mas com previs\u00e3o inicial de R$ 2,06 milh\u00f5es.<\/h4>\n<h4>A terceira empresa \u00e9 a panificadora de Silenia Rodrigues Dimantino, com capital de R$ 30 mil, que igualmente fechou contrato de R$ 849,5 mil. Nesse caso, a estimativa preliminar de gastos era de R$ 2,06 milh\u00f5es.<\/h4>\n<h4>Segundo a administra\u00e7\u00e3o do prefeito Walter Mariano Messias de Souza, conhecido como Mariano Correntina (Uni\u00e3o Brasil), ao Bahia.ba, o objetivo \u00e9 credenciar panificadoras para fornecer p\u00e3es, bolos, lanches e similares para os \u00f3rg\u00e3os municipais, em um modelo que prev\u00ea a contrata\u00e7\u00e3o conforme a necessidade da gest\u00e3o.<\/h4>\n<h4>Apesar de o valor total empenhado ser de R$ 849,5 mil para cada empresa, os processos chamam aten\u00e7\u00e3o pelo alto volume de alimentos previstos e pelo contraste entre o capital social das empresas e as cifras milion\u00e1rias apresentadas nas estimativas iniciais.<\/h4>\n","protected":false},"excerpt":{"rendered":"<p>A Prefeitura de Correntina, no oeste da Bahia, assinou tr\u00eas contratos milion\u00e1rios com panificadoras locais para o fornecimento de p\u00e3es, bolos e past\u00e9is destinados a secretarias e fundos municipais. Ao todo, os documentos preveem a compra de 50 mil bolos, 110 mil past\u00e9is e 80 mil p\u00e3es franceses ao longo de 12 meses, como informou o portal Bahia.ba. Entre as empresas contratadas est\u00e1 a Panificadora P\u00e3o Nosso LTDA, com capital social de R$ 100 mil, que firmou acordo no valor de R$ 849,5 mil. A estimativa preliminar desse contrato chegou a R$ 1,53 milh\u00e3o. Outra contemplada foi a Oliveira Com\u00e9rcio [&hellip;]<\/p>\n","protected":false},"author":4,"featured_media":174917,"comment_status":"open","ping_status":"open","sticky":false,"template":"","format":"standard","meta":[],"categories":[295],"tags":[76,3310,2629,1780,704],"_links":{"self":[{"href":"https:\/\/www.cronicasdeitarantim.com.br\/v1\/wp-json\/wp\/v2\/posts\/174916"}],"collection":[{"href":"https:\/\/www.cronicasdeitarantim.com.br\/v1\/wp-json\/wp\/v2\/posts"}],"about":[{"href":"https:\/\/www.cronicasdeitarantim.com.br\/v1\/wp-json\/wp\/v2\/types\/post"}],"author":[{"embeddable":true,"href":"https:\/\/www.cronicasdeitarantim.com.br\/v1\/wp-json\/wp\/v2\/users\/4"}],"replies":[{"embeddable":true,"href":"https:\/\/www.cronicasdeitarantim.com.br\/v1\/wp-json\/wp\/v2\/comments?post=174916"}],"version-history":[{"count":1,"href":"https:\/\/www.cronicasdeitarantim.com.br\/v1\/wp-json\/wp\/v2\/posts\/174916\/revisions"}],"predecessor-version":[{"id":174918,"href":"https:\/\/www.cronicasdeitarantim.com.br\/v1\/wp-json\/wp\/v2\/posts\/174916\/revisions\/174918"}],"wp:featuredmedia":[{"embeddable":true,"href":"https:\/\/www.cronicasdeitarantim.com.br\/v1\/wp-json\/wp\/v2\/media\/174917"}],"wp:attachment":[{"href":"https:\/\/www.cronicasdeitarantim.com.br\/v1\/wp-json\/wp\/v2\/media?parent=174916"}],"wp:term":[{"taxonomy":"category","embeddable":true,"href":"https:\/\/www.cronicasdeitarantim.com.br\/v1\/wp-json\/wp\/v2\/categories?post=174916"},{"taxonomy":"post_tag","embeddable":true,"href":"https:\/\/www.cronicasdeitarantim.com.br\/v1\/wp-json\/wp\/v2\/tags?post=174916"}],"curies":[{"name":"wp","href":"https:\/\/api.w.org\/{rel}","templated":true}]}}