{"id":174878,"date":"2025-08-15T16:11:26","date_gmt":"2025-08-15T19:11:26","guid":{"rendered":"https:\/\/www.cronicasdeitarantim.com.br\/v1\/?p=174878"},"modified":"2025-08-15T16:18:14","modified_gmt":"2025-08-15T19:18:14","slug":"itarantim-feira-de-saude-sera-realizada-por-dudu-dos-tutas-com-varios-atendimentos-gratuitos-acontecera-neste-sabado","status":"publish","type":"post","link":"https:\/\/www.cronicasdeitarantim.com.br\/v1\/2025\/08\/15\/itarantim-feira-de-saude-sera-realizada-por-dudu-dos-tutas-com-varios-atendimentos-gratuitos-acontecera-neste-sabado\/","title":{"rendered":"Itarantim: Feira de Sa\u00fade ser\u00e1 realizada por Dudu dos Tutas com v\u00e1rios atendimentos gratuitos acontecer\u00e1 neste s\u00e1bado"},"content":{"rendered":"<p><strong>SA\u00daDE \u2013 O<\/strong> munic\u00edpio de Itarantim se prepara para receber uma grande Feira de Sa\u00fade neste s\u00e1bado, 16 de agosto. O evento, uma iniciativa do vereador e presidente da C\u00e2mara, Dudu dos Tuta, em parceria com a Funda\u00e7\u00e3o Jos\u00e9 Silveira, oferecer\u00e1 diversos exames e atendimentos gratuitos \u00e0 popula\u00e7\u00e3o.<\/p>\n<p>A feira acontecer\u00e1 na Pra\u00e7a da Prefeitura, popularmente conhecida como Abob\u00f3dromo, com in\u00edcio previsto para as 7 horas da manh\u00e3. O projeto visa facilitar o acesso da comunidade a servi\u00e7os de sa\u00fade importantes, promovendo o bem-estar e a preven\u00e7\u00e3o da popula\u00e7\u00e3o, como afirmou Dudu dos Tutas para nossa reportagem.<\/p>\n<p>Durante o evento, os moradores de Itarantim ter\u00e3o a oportunidade de realizar uma s\u00e9rie de exames e consultas em diferentes especialidades. O vereador ainda divulgou a lista completa de servi\u00e7os dispon\u00edveis, mas j\u00e1 adiantou que diversas \u00e1reas da sa\u00fade ser\u00e3o contempladas.<\/p>\n<p>O vereador, tem ganhado destaque na regi\u00e3o por seu trabalho cont\u00ednuo na promo\u00e7\u00e3o da sa\u00fade no munic\u00edpio e em comunidades vizinhas. Em reconhecimento a essa atua\u00e7\u00e3o, o vereador divulgou recentemente que em outubro ser\u00e1 realizado um evento especial para celebrar a marca de 10 mil atendimentos na \u00e1rea da sa\u00fade realizados em Itarantim.<\/p>\n<p>O evento representa uma oportunidade valiosa para a popula\u00e7\u00e3o ter acesso a diversos procedimentos e exames. Muitos desses servi\u00e7os, que normalmente possuem custos elevados ou longas filas de espera no sistema de sa\u00fade convencional, estar\u00e3o dispon\u00edveis gratuitamente, facilitando o cuidado com a sa\u00fade dos cidad\u00e3os de Itarantim.<\/p>\n<p><a href=\"https:\/\/www.cronicasdeitarantim.com.br\/v1\/wp-content\/uploads\/2025\/08\/IMG_20250815_154640_compress47.jpg\"><img decoding=\"async\" loading=\"lazy\" class=\"alignnone size-full wp-image-174877\" src=\"https:\/\/www.cronicasdeitarantim.com.br\/v1\/wp-content\/uploads\/2025\/08\/IMG_20250815_154640_compress47.jpg\" alt=\"\" width=\"521\" height=\"800\" srcset=\"https:\/\/www.cronicasdeitarantim.com.br\/v1\/wp-content\/uploads\/2025\/08\/IMG_20250815_154640_compress47.jpg 521w, https:\/\/www.cronicasdeitarantim.com.br\/v1\/wp-content\/uploads\/2025\/08\/IMG_20250815_154640_compress47-195x300.jpg 195w, https:\/\/www.cronicasdeitarantim.com.br\/v1\/wp-content\/uploads\/2025\/08\/IMG_20250815_154640_compress47-400x614.jpg 400w, https:\/\/www.cronicasdeitarantim.com.br\/v1\/wp-content\/uploads\/2025\/08\/IMG_20250815_154640_compress47-391x600.jpg 391w\" sizes=\"(max-width: 521px) 100vw, 521px\" \/><\/a><\/p>\n","protected":false},"excerpt":{"rendered":"<p>SA\u00daDE \u2013 O munic\u00edpio de Itarantim se prepara para receber uma grande Feira de Sa\u00fade neste s\u00e1bado, 16 de agosto. O evento, uma iniciativa do vereador e presidente da C\u00e2mara, Dudu dos Tuta, em parceria com a Funda\u00e7\u00e3o Jos\u00e9 Silveira, oferecer\u00e1 diversos exames e atendimentos gratuitos \u00e0 popula\u00e7\u00e3o. A feira acontecer\u00e1 na Pra\u00e7a da Prefeitura, popularmente conhecida como Abob\u00f3dromo, com in\u00edcio previsto para as 7 horas da manh\u00e3. O projeto visa facilitar o acesso da comunidade a servi\u00e7os de sa\u00fade importantes, promovendo o bem-estar e a preven\u00e7\u00e3o da popula\u00e7\u00e3o, como afirmou Dudu dos Tutas para nossa reportagem. Durante o evento, [&hellip;]<\/p>\n","protected":false},"author":4,"featured_media":174877,"comment_status":"open","ping_status":"open","sticky":false,"template":"","format":"standard","meta":[],"categories":[345],"tags":[3310,1780,585,254],"_links":{"self":[{"href":"https:\/\/www.cronicasdeitarantim.com.br\/v1\/wp-json\/wp\/v2\/posts\/174878"}],"collection":[{"href":"https:\/\/www.cronicasdeitarantim.com.br\/v1\/wp-json\/wp\/v2\/posts"}],"about":[{"href":"https:\/\/www.cronicasdeitarantim.com.br\/v1\/wp-json\/wp\/v2\/types\/post"}],"author":[{"embeddable":true,"href":"https:\/\/www.cronicasdeitarantim.com.br\/v1\/wp-json\/wp\/v2\/users\/4"}],"replies":[{"embeddable":true,"href":"https:\/\/www.cronicasdeitarantim.com.br\/v1\/wp-json\/wp\/v2\/comments?post=174878"}],"version-history":[{"count":5,"href":"https:\/\/www.cronicasdeitarantim.com.br\/v1\/wp-json\/wp\/v2\/posts\/174878\/revisions"}],"predecessor-version":[{"id":174883,"href":"https:\/\/www.cronicasdeitarantim.com.br\/v1\/wp-json\/wp\/v2\/posts\/174878\/revisions\/174883"}],"wp:featuredmedia":[{"embeddable":true,"href":"https:\/\/www.cronicasdeitarantim.com.br\/v1\/wp-json\/wp\/v2\/media\/174877"}],"wp:attachment":[{"href":"https:\/\/www.cronicasdeitarantim.com.br\/v1\/wp-json\/wp\/v2\/media?parent=174878"}],"wp:term":[{"taxonomy":"category","embeddable":true,"href":"https:\/\/www.cronicasdeitarantim.com.br\/v1\/wp-json\/wp\/v2\/categories?post=174878"},{"taxonomy":"post_tag","embeddable":true,"href":"https:\/\/www.cronicasdeitarantim.com.br\/v1\/wp-json\/wp\/v2\/tags?post=174878"}],"curies":[{"name":"wp","href":"https:\/\/api.w.org\/{rel}","templated":true}]}}