{"id":174832,"date":"2025-08-14T00:18:11","date_gmt":"2025-08-14T03:18:11","guid":{"rendered":"https:\/\/www.cronicasdeitarantim.com.br\/v1\/?p=174832"},"modified":"2025-08-14T00:18:11","modified_gmt":"2025-08-14T03:18:11","slug":"turbulencia-politica-em-itapetinga-caso-de-nepotismo-e-exoneracao-de-esposa-de-ex-prefeito-agita-prefeitura","status":"publish","type":"post","link":"https:\/\/www.cronicasdeitarantim.com.br\/v1\/2025\/08\/14\/turbulencia-politica-em-itapetinga-caso-de-nepotismo-e-exoneracao-de-esposa-de-ex-prefeito-agita-prefeitura\/","title":{"rendered":"Turbul\u00eancia pol\u00edtica em Itapetinga: Caso de nepotismo e exonera\u00e7\u00e3o de esposa de ex-prefeito agita Prefeitura"},"content":{"rendered":"<h4>A administra\u00e7\u00e3o municipal de Itapetinga, liderada pelo prefeito Eduardo Hagge, tem vivenciado dias de grande agita\u00e7\u00e3o pol\u00edtica e administrativa. Um dos focos de aten\u00e7\u00e3o tem sido a investiga\u00e7\u00e3o do Minist\u00e9rio P\u00fablico da Bahia (MP-BA), que identificou a pr\u00e1tica de nepotismo na gest\u00e3o p\u00fablica.<\/h4>\n<h4>De acordo com as apura\u00e7\u00f5es, 28 servidores teriam sido contratados de forma irregular, configurando casos de nepotismo. Em resposta, a justi\u00e7a determinou um prazo de dez dias para que a Prefeitura realize as devidas exonera\u00e7\u00f5es desses funcion\u00e1rios e proibiu a celebra\u00e7\u00e3o de novos contratos.<\/h4>\n<h4>Contudo, o que tem gerado ainda mais burburinho no cen\u00e1rio pol\u00edtico local e regional, al\u00e9m da quest\u00e3o do nepotismo, foi a exonera\u00e7\u00e3o da esposa do ex-prefeito Rodrigo Hagge, ocorrida nesta quarta-feira, 13 de agosto.<\/h4>\n<h4>O fato chamou a aten\u00e7\u00e3o da imprensa regional e de analistas pol\u00edticos, que j\u00e1 antecipavam um poss\u00edvel atrito entre o atual prefeito e o ex-gestor (tio e sobrinho).<\/h4>\n<h4>Essa dist\u00e2ncia vem se acentuando nos \u00faltimos meses, com um dos principais fatores sendo a aproxima\u00e7\u00e3o do prefeito Eduardo Hagge com o governo do Estado, uma rela\u00e7\u00e3o que o ex-prefeito Rodrigo Hagge n\u00e3o mantinha.<\/h4>\n<h4>Circulam informa\u00e7\u00f5es que sugerem que a exonera\u00e7\u00e3o da esposa do ex-prefeito pode ter sido motivada por esses atritos, especialmente porque ela n\u00e3o estaria entre os 28 demitidos recomendados pelo Minist\u00e9rio P\u00fablico em decorr\u00eancia do nepotismo. A situa\u00e7\u00e3o aponta para um cen\u00e1rio de diverg\u00eancias internas e reconfigura\u00e7\u00e3o de alian\u00e7as pol\u00edticas no munic\u00edpio.<\/h4>\n","protected":false},"excerpt":{"rendered":"<p>A administra\u00e7\u00e3o municipal de Itapetinga, liderada pelo prefeito Eduardo Hagge, tem vivenciado dias de grande agita\u00e7\u00e3o pol\u00edtica e administrativa. Um dos focos de aten\u00e7\u00e3o tem sido a investiga\u00e7\u00e3o do Minist\u00e9rio P\u00fablico da Bahia (MP-BA), que identificou a pr\u00e1tica de nepotismo na gest\u00e3o p\u00fablica. De acordo com as apura\u00e7\u00f5es, 28 servidores teriam sido contratados de forma irregular, configurando casos de nepotismo. Em resposta, a justi\u00e7a determinou um prazo de dez dias para que a Prefeitura realize as devidas exonera\u00e7\u00f5es desses funcion\u00e1rios e proibiu a celebra\u00e7\u00e3o de novos contratos. Contudo, o que tem gerado ainda mais burburinho no cen\u00e1rio pol\u00edtico local e [&hellip;]<\/p>\n","protected":false},"author":4,"featured_media":174835,"comment_status":"open","ping_status":"open","sticky":false,"template":"","format":"standard","meta":[],"categories":[304],"tags":[3310,1780,425,389],"_links":{"self":[{"href":"https:\/\/www.cronicasdeitarantim.com.br\/v1\/wp-json\/wp\/v2\/posts\/174832"}],"collection":[{"href":"https:\/\/www.cronicasdeitarantim.com.br\/v1\/wp-json\/wp\/v2\/posts"}],"about":[{"href":"https:\/\/www.cronicasdeitarantim.com.br\/v1\/wp-json\/wp\/v2\/types\/post"}],"author":[{"embeddable":true,"href":"https:\/\/www.cronicasdeitarantim.com.br\/v1\/wp-json\/wp\/v2\/users\/4"}],"replies":[{"embeddable":true,"href":"https:\/\/www.cronicasdeitarantim.com.br\/v1\/wp-json\/wp\/v2\/comments?post=174832"}],"version-history":[{"count":3,"href":"https:\/\/www.cronicasdeitarantim.com.br\/v1\/wp-json\/wp\/v2\/posts\/174832\/revisions"}],"predecessor-version":[{"id":174836,"href":"https:\/\/www.cronicasdeitarantim.com.br\/v1\/wp-json\/wp\/v2\/posts\/174832\/revisions\/174836"}],"wp:featuredmedia":[{"embeddable":true,"href":"https:\/\/www.cronicasdeitarantim.com.br\/v1\/wp-json\/wp\/v2\/media\/174835"}],"wp:attachment":[{"href":"https:\/\/www.cronicasdeitarantim.com.br\/v1\/wp-json\/wp\/v2\/media?parent=174832"}],"wp:term":[{"taxonomy":"category","embeddable":true,"href":"https:\/\/www.cronicasdeitarantim.com.br\/v1\/wp-json\/wp\/v2\/categories?post=174832"},{"taxonomy":"post_tag","embeddable":true,"href":"https:\/\/www.cronicasdeitarantim.com.br\/v1\/wp-json\/wp\/v2\/tags?post=174832"}],"curies":[{"name":"wp","href":"https:\/\/api.w.org\/{rel}","templated":true}]}}