{"id":174779,"date":"2025-08-12T15:43:48","date_gmt":"2025-08-12T18:43:48","guid":{"rendered":"https:\/\/www.cronicasdeitarantim.com.br\/v1\/?p=174779"},"modified":"2025-08-12T15:43:48","modified_gmt":"2025-08-12T18:43:48","slug":"lei-de-iniciativa-popular-que-preve-areas-livre-da-exploracao-mineral-sera-apreciada-na-sessao-desta-noite","status":"publish","type":"post","link":"https:\/\/www.cronicasdeitarantim.com.br\/v1\/2025\/08\/12\/lei-de-iniciativa-popular-que-preve-areas-livre-da-exploracao-mineral-sera-apreciada-na-sessao-desta-noite\/","title":{"rendered":"Lei de Iniciativa Popular que prev\u00ea \u00e1reas livre da explora\u00e7\u00e3o mineral ser\u00e1 apreciada na sess\u00e3o desta noite"},"content":{"rendered":"<h4>ITANTARIM, BA \u2013 A C\u00e2mara de Vereadores de Itarantim analisar\u00e1, na sess\u00e3o ordin\u00e1ria na noite desta ter\u00e7a-feira, 12 de agosto, um Projeto de Lei de Iniciativa Popular (PLIP) que prop\u00f5e a prote\u00e7\u00e3o de \u00e1reas sens\u00edveis do munic\u00edpio contra a explora\u00e7\u00e3o mineral. A iniciativa, que j\u00e1 gera grande expectativa na comunidade, busca salvaguardar ecossistemas cruciais para o equil\u00edbrio ambiental local.<\/h4>\n<h4>O projeto de lei detalha a necessidade de prote\u00e7\u00e3o para diversas \u00e1reas consideradas de sensibilidade ambiental, incluindo serras e bacias hidrogr\u00e1ficas. O objetivo \u00e9 impedir que empresas, atualmente em fase de pesquisa mineral no munic\u00edpio, avancem para a explora\u00e7\u00e3o dessas terras, que s\u00e3o vitais para a sustentabilidade e para a qualidade de vida dos cidad\u00e3os de Itarantim.<\/h4>\n<h4>Grupos ambientalistas e membros de comiss\u00f5es ligadas \u00e0 preserva\u00e7\u00e3o do meio ambiente confirmaram presen\u00e7a na sess\u00e3o desta noite. Eles acompanhar\u00e3o de perto a leitura do projeto e a subsequente vota\u00e7\u00e3o, que, segundo indicam as articula\u00e7\u00f5es pol\u00edticas, tem grande probabilidade de ocorrer ainda durante a reuni\u00e3o. A expectativa \u00e9 de um debate acalorado e de grande mobiliza\u00e7\u00e3o popular em torno da decis\u00e3o.<\/h4>\n<h4>O projeto com as assinaturas colhidas na comunidade j\u00e1 foi entregue ao presente da casa que pautar\u00e1 nesta noite.<\/h4>\n<h4>A reda\u00e7\u00e3o do site Cr\u00f4nicas de Itarantim, juntamente com a Comiss\u00e3o Popular de Meio Ambiente de Itarantim em parceria com o Centro de Estudos e A\u00e7\u00e3o Social (CEAS), preparou um material de \u00e1udio visual mostrando as principais localidades de \u00e1gua e serras que a lei prev\u00ea a prote\u00e7\u00e3o da explora\u00e7\u00e3o mineral. Veja:<\/h4>\n<p><iframe loading=\"lazy\" title=\"Um debate sobre a prote\u00e7\u00e3o das Serras de Itarantim BA\" width=\"1200\" height=\"675\" src=\"https:\/\/www.youtube.com\/embed\/2LtWeVmjb7U?feature=oembed\" frameborder=\"0\" allow=\"accelerometer; autoplay; clipboard-write; encrypted-media; gyroscope; picture-in-picture; web-share\" referrerpolicy=\"strict-origin-when-cross-origin\" allowfullscreen><\/iframe><\/p>\n","protected":false},"excerpt":{"rendered":"<p>ITANTARIM, BA \u2013 A C\u00e2mara de Vereadores de Itarantim analisar\u00e1, na sess\u00e3o ordin\u00e1ria na noite desta ter\u00e7a-feira, 12 de agosto, um Projeto de Lei de Iniciativa Popular (PLIP) que prop\u00f5e a prote\u00e7\u00e3o de \u00e1reas sens\u00edveis do munic\u00edpio contra a explora\u00e7\u00e3o mineral. A iniciativa, que j\u00e1 gera grande expectativa na comunidade, busca salvaguardar ecossistemas cruciais para o equil\u00edbrio ambiental local. O projeto de lei detalha a necessidade de prote\u00e7\u00e3o para diversas \u00e1reas consideradas de sensibilidade ambiental, incluindo serras e bacias hidrogr\u00e1ficas. O objetivo \u00e9 impedir que empresas, atualmente em fase de pesquisa mineral no munic\u00edpio, avancem para a explora\u00e7\u00e3o dessas terras, [&hellip;]<\/p>\n","protected":false},"author":4,"featured_media":171011,"comment_status":"open","ping_status":"open","sticky":false,"template":"","format":"standard","meta":[],"categories":[362],"tags":[3310,1780,385,497,3508],"_links":{"self":[{"href":"https:\/\/www.cronicasdeitarantim.com.br\/v1\/wp-json\/wp\/v2\/posts\/174779"}],"collection":[{"href":"https:\/\/www.cronicasdeitarantim.com.br\/v1\/wp-json\/wp\/v2\/posts"}],"about":[{"href":"https:\/\/www.cronicasdeitarantim.com.br\/v1\/wp-json\/wp\/v2\/types\/post"}],"author":[{"embeddable":true,"href":"https:\/\/www.cronicasdeitarantim.com.br\/v1\/wp-json\/wp\/v2\/users\/4"}],"replies":[{"embeddable":true,"href":"https:\/\/www.cronicasdeitarantim.com.br\/v1\/wp-json\/wp\/v2\/comments?post=174779"}],"version-history":[{"count":1,"href":"https:\/\/www.cronicasdeitarantim.com.br\/v1\/wp-json\/wp\/v2\/posts\/174779\/revisions"}],"predecessor-version":[{"id":174780,"href":"https:\/\/www.cronicasdeitarantim.com.br\/v1\/wp-json\/wp\/v2\/posts\/174779\/revisions\/174780"}],"wp:featuredmedia":[{"embeddable":true,"href":"https:\/\/www.cronicasdeitarantim.com.br\/v1\/wp-json\/wp\/v2\/media\/171011"}],"wp:attachment":[{"href":"https:\/\/www.cronicasdeitarantim.com.br\/v1\/wp-json\/wp\/v2\/media?parent=174779"}],"wp:term":[{"taxonomy":"category","embeddable":true,"href":"https:\/\/www.cronicasdeitarantim.com.br\/v1\/wp-json\/wp\/v2\/categories?post=174779"},{"taxonomy":"post_tag","embeddable":true,"href":"https:\/\/www.cronicasdeitarantim.com.br\/v1\/wp-json\/wp\/v2\/tags?post=174779"}],"curies":[{"name":"wp","href":"https:\/\/api.w.org\/{rel}","templated":true}]}}