{"id":174760,"date":"2025-08-11T19:10:37","date_gmt":"2025-08-11T22:10:37","guid":{"rendered":"https:\/\/www.cronicasdeitarantim.com.br\/v1\/?p=174760"},"modified":"2025-08-11T19:10:37","modified_gmt":"2025-08-11T22:10:37","slug":"mais-um-vereador-pode-deixar-base-do-governo-fabio-gusmao","status":"publish","type":"post","link":"https:\/\/www.cronicasdeitarantim.com.br\/v1\/2025\/08\/11\/mais-um-vereador-pode-deixar-base-do-governo-fabio-gusmao\/","title":{"rendered":"Mais um vereador pode deixar base do governo F\u00e1bio Gusm\u00e3o"},"content":{"rendered":"<p>Mais um vereador da base do prefeito F\u00e1bio Gusm\u00e3o est\u00e1 considerando deixar o governo, possivelmente se unindo \u00e0 oposi\u00e7\u00e3o ou indo para independ\u00eancia.<\/p>\n<p>Se essa mudan\u00e7a se concretizar, a din\u00e2mica na C\u00e2mara Municipal poder\u00e1 sofrer grandes altera\u00e7\u00f5es, o que pode impactar futuros projetos do prefeito e a an\u00e1lise das contas no Tribunal de Contas dos Munic\u00edpios (TCM).<\/p>\n<p>Em contato com o site, o vereador expressou sua insatisfa\u00e7\u00e3o, revelando que se sentiu desrespeitado pelo prefeito em v\u00e1rias ocasi\u00f5es.<\/p>\n<p>Ele ainda mencionou que sua decis\u00e3o de deixar a base pode acontecer em breve, mas que est\u00e1 avaliando cuidadosamente suas op\u00e7\u00f5es para evitar erros, especialmente considerando que foi eleito no palanque do prefeito.<\/p>\n<p>Essa poss\u00edvel sa\u00edda representa um desafio significativo para a administra\u00e7\u00e3o de F\u00e1bio Gusm\u00e3o, que j\u00e1 enfrenta resist\u00eancia interna e externa.<\/p>\n<p>&nbsp;<\/p>\n","protected":false},"excerpt":{"rendered":"<p>Mais um vereador da base do prefeito F\u00e1bio Gusm\u00e3o est\u00e1 considerando deixar o governo, possivelmente se unindo \u00e0 oposi\u00e7\u00e3o ou indo para independ\u00eancia. Se essa mudan\u00e7a se concretizar, a din\u00e2mica na C\u00e2mara Municipal poder\u00e1 sofrer grandes altera\u00e7\u00f5es, o que pode impactar futuros projetos do prefeito e a an\u00e1lise das contas no Tribunal de Contas dos Munic\u00edpios (TCM). Em contato com o site, o vereador expressou sua insatisfa\u00e7\u00e3o, revelando que se sentiu desrespeitado pelo prefeito em v\u00e1rias ocasi\u00f5es. Ele ainda mencionou que sua decis\u00e3o de deixar a base pode acontecer em breve, mas que est\u00e1 avaliando cuidadosamente suas op\u00e7\u00f5es para evitar [&hellip;]<\/p>\n","protected":false},"author":4,"featured_media":174551,"comment_status":"open","ping_status":"open","sticky":false,"template":"","format":"standard","meta":[],"categories":[304],"tags":[3310,356,1780,389],"_links":{"self":[{"href":"https:\/\/www.cronicasdeitarantim.com.br\/v1\/wp-json\/wp\/v2\/posts\/174760"}],"collection":[{"href":"https:\/\/www.cronicasdeitarantim.com.br\/v1\/wp-json\/wp\/v2\/posts"}],"about":[{"href":"https:\/\/www.cronicasdeitarantim.com.br\/v1\/wp-json\/wp\/v2\/types\/post"}],"author":[{"embeddable":true,"href":"https:\/\/www.cronicasdeitarantim.com.br\/v1\/wp-json\/wp\/v2\/users\/4"}],"replies":[{"embeddable":true,"href":"https:\/\/www.cronicasdeitarantim.com.br\/v1\/wp-json\/wp\/v2\/comments?post=174760"}],"version-history":[{"count":1,"href":"https:\/\/www.cronicasdeitarantim.com.br\/v1\/wp-json\/wp\/v2\/posts\/174760\/revisions"}],"predecessor-version":[{"id":174761,"href":"https:\/\/www.cronicasdeitarantim.com.br\/v1\/wp-json\/wp\/v2\/posts\/174760\/revisions\/174761"}],"wp:featuredmedia":[{"embeddable":true,"href":"https:\/\/www.cronicasdeitarantim.com.br\/v1\/wp-json\/wp\/v2\/media\/174551"}],"wp:attachment":[{"href":"https:\/\/www.cronicasdeitarantim.com.br\/v1\/wp-json\/wp\/v2\/media?parent=174760"}],"wp:term":[{"taxonomy":"category","embeddable":true,"href":"https:\/\/www.cronicasdeitarantim.com.br\/v1\/wp-json\/wp\/v2\/categories?post=174760"},{"taxonomy":"post_tag","embeddable":true,"href":"https:\/\/www.cronicasdeitarantim.com.br\/v1\/wp-json\/wp\/v2\/tags?post=174760"}],"curies":[{"name":"wp","href":"https:\/\/api.w.org\/{rel}","templated":true}]}}