{"id":174563,"date":"2025-08-05T17:14:32","date_gmt":"2025-08-05T20:14:32","guid":{"rendered":"https:\/\/www.cronicasdeitarantim.com.br\/v1\/?p=174563"},"modified":"2025-08-05T17:14:32","modified_gmt":"2025-08-05T20:14:32","slug":"em-brasilia-vereador-xando-conduz-abertura-do-17o-encontro-nacional-do-pt","status":"publish","type":"post","link":"https:\/\/www.cronicasdeitarantim.com.br\/v1\/2025\/08\/05\/em-brasilia-vereador-xando-conduz-abertura-do-17o-encontro-nacional-do-pt\/","title":{"rendered":"Em Bras\u00edlia, Vereador Xand\u00f3 conduz abertura do 17\u00ba Encontro Nacional do PT"},"content":{"rendered":"<p>O vereador Alexandre Xand\u00f3 (PT), de Vit\u00f3ria da Conquista (BA), segue se destacando no cen\u00e1rio nacional. Ele foi um dos respons\u00e1veis por conduzir a cerim\u00f4nia de abertura do 17\u00ba Encontro Nacional do Partido dos Trabalhadores, realizada na sexta-feira (1\u00ba) em Bras\u00edlia.<\/p>\n<p>A cerim\u00f4nia foi marcada pelo lan\u00e7amento da campanha \u201cTaxa\u00e7\u00e3o BBB: bets, bancos e bilion\u00e1rios\u201d, pauta central do evento e tema do discurso do ministro da Fazenda, Fernando Haddad, apresentado ao p\u00falpito por Xand\u00f3. Em tom descontra\u00eddo, Haddad reagiu \u00e0 introdu\u00e7\u00e3o afirmando: \u201cImaginei que fosse eu\u201d, ao ouvir o vereador se referir a ele como estando \u201cno olho do furac\u00e3o.<\/p>\n<p>Durante o evento tamb\u00e9m houve um ato em solidariedade ao povo palestino, com a presen\u00e7a do Embaixador da Palestina, Ibrahim Alzeben. Xand\u00f3 tamb\u00e9m aproveitou o momento para convocar os presentes a participarem do plebiscito popular pelo fim da jornada 6&#215;1, pela isen\u00e7\u00e3o do imposto de renda at\u00e9 5 mil reais e taxa\u00e7\u00e3o das grandes fortunas.<\/p>\n<p>A condu\u00e7\u00e3o da cerim\u00f4nia por Xand\u00f3, mostra prest\u00edgio nacional e a valoriza\u00e7\u00e3o que o partido d\u00e1 \u00e0s jovens lideran\u00e7as. O evento reuniu mil delegados de todos os estados e contou com a presen\u00e7a de ministros, parlamentares, dirigentes partid\u00e1rios e movimentos sociais.<\/p>\n","protected":false},"excerpt":{"rendered":"<p>O vereador Alexandre Xand\u00f3 (PT), de Vit\u00f3ria da Conquista (BA), segue se destacando no cen\u00e1rio nacional. Ele foi um dos respons\u00e1veis por conduzir a cerim\u00f4nia de abertura do 17\u00ba Encontro Nacional do Partido dos Trabalhadores, realizada na sexta-feira (1\u00ba) em Bras\u00edlia. A cerim\u00f4nia foi marcada pelo lan\u00e7amento da campanha \u201cTaxa\u00e7\u00e3o BBB: bets, bancos e bilion\u00e1rios\u201d, pauta central do evento e tema do discurso do ministro da Fazenda, Fernando Haddad, apresentado ao p\u00falpito por Xand\u00f3. Em tom descontra\u00eddo, Haddad reagiu \u00e0 introdu\u00e7\u00e3o afirmando: \u201cImaginei que fosse eu\u201d, ao ouvir o vereador se referir a ele como estando \u201cno olho do furac\u00e3o. [&hellip;]<\/p>\n","protected":false},"author":4,"featured_media":174565,"comment_status":"open","ping_status":"open","sticky":false,"template":"","format":"standard","meta":[],"categories":[304],"tags":[3310,1780,389],"_links":{"self":[{"href":"https:\/\/www.cronicasdeitarantim.com.br\/v1\/wp-json\/wp\/v2\/posts\/174563"}],"collection":[{"href":"https:\/\/www.cronicasdeitarantim.com.br\/v1\/wp-json\/wp\/v2\/posts"}],"about":[{"href":"https:\/\/www.cronicasdeitarantim.com.br\/v1\/wp-json\/wp\/v2\/types\/post"}],"author":[{"embeddable":true,"href":"https:\/\/www.cronicasdeitarantim.com.br\/v1\/wp-json\/wp\/v2\/users\/4"}],"replies":[{"embeddable":true,"href":"https:\/\/www.cronicasdeitarantim.com.br\/v1\/wp-json\/wp\/v2\/comments?post=174563"}],"version-history":[{"count":1,"href":"https:\/\/www.cronicasdeitarantim.com.br\/v1\/wp-json\/wp\/v2\/posts\/174563\/revisions"}],"predecessor-version":[{"id":174564,"href":"https:\/\/www.cronicasdeitarantim.com.br\/v1\/wp-json\/wp\/v2\/posts\/174563\/revisions\/174564"}],"wp:featuredmedia":[{"embeddable":true,"href":"https:\/\/www.cronicasdeitarantim.com.br\/v1\/wp-json\/wp\/v2\/media\/174565"}],"wp:attachment":[{"href":"https:\/\/www.cronicasdeitarantim.com.br\/v1\/wp-json\/wp\/v2\/media?parent=174563"}],"wp:term":[{"taxonomy":"category","embeddable":true,"href":"https:\/\/www.cronicasdeitarantim.com.br\/v1\/wp-json\/wp\/v2\/categories?post=174563"},{"taxonomy":"post_tag","embeddable":true,"href":"https:\/\/www.cronicasdeitarantim.com.br\/v1\/wp-json\/wp\/v2\/tags?post=174563"}],"curies":[{"name":"wp","href":"https:\/\/api.w.org\/{rel}","templated":true}]}}