{"id":174494,"date":"2025-07-31T10:47:00","date_gmt":"2025-07-31T13:47:00","guid":{"rendered":"https:\/\/www.cronicasdeitarantim.com.br\/v1\/?p=174494"},"modified":"2025-07-31T10:55:00","modified_gmt":"2025-07-31T13:55:00","slug":"policial-militar-e-afastado-das-atividades-na-ba-por-suspeita-de-vender-armas-da-corporacao","status":"publish","type":"post","link":"https:\/\/www.cronicasdeitarantim.com.br\/v1\/2025\/07\/31\/policial-militar-e-afastado-das-atividades-na-ba-por-suspeita-de-vender-armas-da-corporacao\/","title":{"rendered":"Policial militar \u00e9 afastado das atividades na BA por suspeita de vender armas da corpora\u00e7\u00e3o"},"content":{"rendered":"<div id=\"chunk-3tich\">\n<div class=\"mc-column content-text active-extra-styles \" data-block-type=\"unstyled\" data-block-weight=\"28\" data-block-id=\"3\">\n<h4 class=\" content-text__container \" data-track-category=\"Link no Texto\" data-mrf-recirculation=\"Mat\u00e9ria - Links no Texto\">Um policial militar da Bahia foi afastado das atividades operacionais por suspeita de vender duas armas da corpora\u00e7\u00e3o. A informa\u00e7\u00e3o foi confirmada pela institui\u00e7\u00e3o nesta quarta-feira (30).<\/h4>\n<\/div>\n<\/div>\n<div class=\"wall protected-content\">\n<div class=\"mc-column content-text active-extra-styles \" data-block-type=\"unstyled\" data-block-weight=\"34\" data-block-id=\"5\">\n<h4 class=\" content-text__container \" data-track-category=\"Link no Texto\" data-mrf-recirculation=\"Mat\u00e9ria - Links no Texto\">Segundo nota enviada \u00e0 TV Bahia, a situa\u00e7\u00e3o \u00e9 investigada pela Corregedoria da Pol\u00edcia Militar, por meio de um Processo Administrativo Disciplinar (PAD). A corpora\u00e7\u00e3o n\u00e3o informou, no entanto, quando a den\u00fancia foi recebida.<\/h4>\n<\/div>\n<div class=\"mc-column content-text active-extra-styles \" data-block-type=\"unstyled\" data-block-weight=\"20\" data-block-id=\"6\">\n<h4 class=\" content-text__container \" data-track-category=\"Link no Texto\" data-mrf-recirculation=\"Mat\u00e9ria - Links no Texto\">No posicionamento, a PM descreve o afastamento do agente como uma medida cautelar. A a\u00e7\u00e3o seguir\u00e1 v\u00e1lida durante a apura\u00e7\u00e3o.<\/h4>\n<\/div>\n<div id=\"chunk-6okej\">\n<div class=\"mc-column content-text active-extra-styles\" data-block-type=\"raw\" data-block-weight=\"12\" data-block-id=\"7\">\n<div id=\"chunk-bkbrp\">\n<div class=\"mc-column content-text active-extra-styles \" data-block-type=\"unstyled\" data-block-weight=\"47\" data-block-id=\"8\">\n<h4 class=\" content-text__container \" data-track-category=\"Link no Texto\" data-mrf-recirculation=\"Mat\u00e9ria - Links no Texto\">Ainda na nota, a PM diz ter um compromisso com a \u00e9tica, a legalidade e a disciplina, &#8220;n\u00e3o compactuando com qualquer desvio de conduta por parte de seus integrantes&#8221;, e diz que todos os fatos ser\u00e3o &#8220;rigorosamente apurados&#8221;, com a ado\u00e7\u00e3o das medidas administrativas e legais cab\u00edveis.<\/h4>\n<\/div>\n<\/div>\n<div id=\"chunk-4koeq\">\n<div class=\"content-ads content-ads--reveal\" data-block-type=\"ads\" data-block-id=\"9\">\n<div id=\"banner_materia2\" class=\"tag-manager-publicidade-container tag-manager-publicidade-banner_materia2 tag-manager-publicidade-container--carregado tag-manager-publicidade-container--visivel\" data-google-query-id=\"CKjRybad544DFdlSuAQdt7wKgA\"><\/div>\n<\/div>\n<\/div>\n<\/div>\n<\/div>\n<\/div>\n","protected":false},"excerpt":{"rendered":"<p>Um policial militar da Bahia foi afastado das atividades operacionais por suspeita de vender duas armas da corpora\u00e7\u00e3o. A informa\u00e7\u00e3o foi confirmada pela institui\u00e7\u00e3o nesta quarta-feira (30). Segundo nota enviada \u00e0 TV Bahia, a situa\u00e7\u00e3o \u00e9 investigada pela Corregedoria da Pol\u00edcia Militar, por meio de um Processo Administrativo Disciplinar (PAD). A corpora\u00e7\u00e3o n\u00e3o informou, no entanto, quando a den\u00fancia foi recebida. No posicionamento, a PM descreve o afastamento do agente como uma medida cautelar. A a\u00e7\u00e3o seguir\u00e1 v\u00e1lida durante a apura\u00e7\u00e3o. Ainda na nota, a PM diz ter um compromisso com a \u00e9tica, a legalidade e a disciplina, &#8220;n\u00e3o compactuando [&hellip;]<\/p>\n","protected":false},"author":4,"featured_media":174495,"comment_status":"open","ping_status":"open","sticky":false,"template":"","format":"standard","meta":[],"categories":[295],"tags":[76,3310,422,1780,1258],"_links":{"self":[{"href":"https:\/\/www.cronicasdeitarantim.com.br\/v1\/wp-json\/wp\/v2\/posts\/174494"}],"collection":[{"href":"https:\/\/www.cronicasdeitarantim.com.br\/v1\/wp-json\/wp\/v2\/posts"}],"about":[{"href":"https:\/\/www.cronicasdeitarantim.com.br\/v1\/wp-json\/wp\/v2\/types\/post"}],"author":[{"embeddable":true,"href":"https:\/\/www.cronicasdeitarantim.com.br\/v1\/wp-json\/wp\/v2\/users\/4"}],"replies":[{"embeddable":true,"href":"https:\/\/www.cronicasdeitarantim.com.br\/v1\/wp-json\/wp\/v2\/comments?post=174494"}],"version-history":[{"count":2,"href":"https:\/\/www.cronicasdeitarantim.com.br\/v1\/wp-json\/wp\/v2\/posts\/174494\/revisions"}],"predecessor-version":[{"id":174498,"href":"https:\/\/www.cronicasdeitarantim.com.br\/v1\/wp-json\/wp\/v2\/posts\/174494\/revisions\/174498"}],"wp:featuredmedia":[{"embeddable":true,"href":"https:\/\/www.cronicasdeitarantim.com.br\/v1\/wp-json\/wp\/v2\/media\/174495"}],"wp:attachment":[{"href":"https:\/\/www.cronicasdeitarantim.com.br\/v1\/wp-json\/wp\/v2\/media?parent=174494"}],"wp:term":[{"taxonomy":"category","embeddable":true,"href":"https:\/\/www.cronicasdeitarantim.com.br\/v1\/wp-json\/wp\/v2\/categories?post=174494"},{"taxonomy":"post_tag","embeddable":true,"href":"https:\/\/www.cronicasdeitarantim.com.br\/v1\/wp-json\/wp\/v2\/tags?post=174494"}],"curies":[{"name":"wp","href":"https:\/\/api.w.org\/{rel}","templated":true}]}}