{"id":174476,"date":"2025-07-30T09:56:18","date_gmt":"2025-07-30T12:56:18","guid":{"rendered":"https:\/\/www.cronicasdeitarantim.com.br\/v1\/?p=174476"},"modified":"2025-07-30T09:56:18","modified_gmt":"2025-07-30T12:56:18","slug":"fome-em-gaza-atinge-catastrofe-humanitaria-e-causa-cada-vez-mais-mortes-por-desnutricao-aponta-onu","status":"publish","type":"post","link":"https:\/\/www.cronicasdeitarantim.com.br\/v1\/2025\/07\/30\/fome-em-gaza-atinge-catastrofe-humanitaria-e-causa-cada-vez-mais-mortes-por-desnutricao-aponta-onu\/","title":{"rendered":"Fome em Gaza atinge \u201ccat\u00e1strofe humanit\u00e1ria\u201d e causa cada vez mais mortes por desnutri\u00e7\u00e3o, aponta ONU"},"content":{"rendered":"<div class=\"styles__Body-sc-1ffquwr-7 ePhtZb\">\n<p>A fome em Gaza atingiu a fase 5, a mais grave na Classifica\u00e7\u00e3o Integrada de Fases da Seguran\u00e7a Alimentar (IPC), da Organiza\u00e7\u00e3o das Na\u00e7\u00f5es Unidas para Alimenta\u00e7\u00e3o e Agricultura (FAO), considerada &#8220;cat\u00e1strofe humanit\u00e1ria&#8221;. O relat\u00f3rio do IPC alerta que a fome generalizada, a desnutri\u00e7\u00e3o e as doen\u00e7as est\u00e3o elevando as mortes relacionadas \u00e0 fome.<\/p>\n<p>Dados recentes indicam que os limiares de fome foram superados, com a maioria da Faixa de Gaza enfrentando severa escassez alimentar e desnutri\u00e7\u00e3o aguda, especialmente na Cidade de Gaza, onde a desnutri\u00e7\u00e3o infantil chegou a 16,5% s\u00f3 na metade de julho.<\/p>\n<p>A fase 5 \u00e9 caracterizada por extrema falta de alimentos, com pelo menos 20% das fam\u00edlias afetadas. Al\u00e9m disso, mais de 30% das crian\u00e7as enfrentam desnutri\u00e7\u00e3o grave e a mortalidade di\u00e1ria chega a dois mortos por 10.000 pessoas. A situa\u00e7\u00e3o em Gaza continua a piorar, com previs\u00f5es de que meio milh\u00e3o de pessoas enfrentem cat\u00e1strofe humanit\u00e1ria at\u00e9 o fim de 2025. Israel tamb\u00e9m tem impedido a Organiza\u00e7\u00e3o das Na\u00e7\u00f5es Unidas (ONU) e ONGs de realizarem qualquer ajuda humanit\u00e1ria.<\/p>\n<p>O genoc\u00eddio j\u00e1 causou mais de 60 mil mortes desde outubro de 2023, a maioria civis, segundo o Minist\u00e9rio da Sa\u00fade de Gaza, com confirma\u00e7\u00e3o da ONU. A crise humanit\u00e1ria continua a devastar a popula\u00e7\u00e3o de Gaza, que j\u00e1 ultrapassa 2 milh\u00f5es de pessoas. (Metro1).<\/p>\n<\/div>\n","protected":false},"excerpt":{"rendered":"<p>A fome em Gaza atingiu a fase 5, a mais grave na Classifica\u00e7\u00e3o Integrada de Fases da Seguran\u00e7a Alimentar (IPC), da Organiza\u00e7\u00e3o das Na\u00e7\u00f5es Unidas para Alimenta\u00e7\u00e3o e Agricultura (FAO), considerada &#8220;cat\u00e1strofe humanit\u00e1ria&#8221;. O relat\u00f3rio do IPC alerta que a fome generalizada, a desnutri\u00e7\u00e3o e as doen\u00e7as est\u00e3o elevando as mortes relacionadas \u00e0 fome. Dados recentes indicam que os limiares de fome foram superados, com a maioria da Faixa de Gaza enfrentando severa escassez alimentar e desnutri\u00e7\u00e3o aguda, especialmente na Cidade de Gaza, onde a desnutri\u00e7\u00e3o infantil chegou a 16,5% s\u00f3 na metade de julho. A fase 5 \u00e9 caracterizada [&hellip;]<\/p>\n","protected":false},"author":4,"featured_media":174477,"comment_status":"open","ping_status":"open","sticky":false,"template":"","format":"standard","meta":[],"categories":[1261],"tags":[3310,1780,483,2365,456],"_links":{"self":[{"href":"https:\/\/www.cronicasdeitarantim.com.br\/v1\/wp-json\/wp\/v2\/posts\/174476"}],"collection":[{"href":"https:\/\/www.cronicasdeitarantim.com.br\/v1\/wp-json\/wp\/v2\/posts"}],"about":[{"href":"https:\/\/www.cronicasdeitarantim.com.br\/v1\/wp-json\/wp\/v2\/types\/post"}],"author":[{"embeddable":true,"href":"https:\/\/www.cronicasdeitarantim.com.br\/v1\/wp-json\/wp\/v2\/users\/4"}],"replies":[{"embeddable":true,"href":"https:\/\/www.cronicasdeitarantim.com.br\/v1\/wp-json\/wp\/v2\/comments?post=174476"}],"version-history":[{"count":1,"href":"https:\/\/www.cronicasdeitarantim.com.br\/v1\/wp-json\/wp\/v2\/posts\/174476\/revisions"}],"predecessor-version":[{"id":174478,"href":"https:\/\/www.cronicasdeitarantim.com.br\/v1\/wp-json\/wp\/v2\/posts\/174476\/revisions\/174478"}],"wp:featuredmedia":[{"embeddable":true,"href":"https:\/\/www.cronicasdeitarantim.com.br\/v1\/wp-json\/wp\/v2\/media\/174477"}],"wp:attachment":[{"href":"https:\/\/www.cronicasdeitarantim.com.br\/v1\/wp-json\/wp\/v2\/media?parent=174476"}],"wp:term":[{"taxonomy":"category","embeddable":true,"href":"https:\/\/www.cronicasdeitarantim.com.br\/v1\/wp-json\/wp\/v2\/categories?post=174476"},{"taxonomy":"post_tag","embeddable":true,"href":"https:\/\/www.cronicasdeitarantim.com.br\/v1\/wp-json\/wp\/v2\/tags?post=174476"}],"curies":[{"name":"wp","href":"https:\/\/api.w.org\/{rel}","templated":true}]}}