{"id":174331,"date":"2025-07-27T13:07:23","date_gmt":"2025-07-27T16:07:23","guid":{"rendered":"https:\/\/www.cronicasdeitarantim.com.br\/v1\/?p=174331"},"modified":"2025-07-27T13:20:04","modified_gmt":"2025-07-27T16:20:04","slug":"policiamento-em-itarantim-continua-reforcado-realizando-rondas-pela-cidade","status":"publish","type":"post","link":"https:\/\/www.cronicasdeitarantim.com.br\/v1\/2025\/07\/27\/policiamento-em-itarantim-continua-reforcado-realizando-rondas-pela-cidade\/","title":{"rendered":"Policiamento em Itarantim continua refor\u00e7ado realizando rondas pela cidade"},"content":{"rendered":"<p>A 8\u00aa Companhia Independente de Pol\u00edcia Militar (CIPM), em conjunto com a CIP Cacaueira, segue com a Opera\u00e7\u00e3o Refor\u00e7o na cidade de Itarantim, localizada no M\u00e9dio Sudoeste da Bahia. A a\u00e7\u00e3o visa intensificar a seguran\u00e7a no munic\u00edpio, especialmente ap\u00f3s uma s\u00e9rie de homic\u00eddios registrados recentemente.<\/p>\n<p>Durante as noites, agentes de seguran\u00e7a realizaram averigua\u00e7\u00f5es e abordagens em v\u00e1rios locais suspeitos. A intensifica\u00e7\u00e3o das opera\u00e7\u00f5es ocorre em resposta aos crimes violentos que t\u00eam ocorrido na cidade. Na \u00faltima sexta-feira, uma opera\u00e7\u00e3o resultou na pris\u00e3o de diversos suspeitos envolvidos em homic\u00eddios.<\/p>\n<p>Segundo informa\u00e7\u00f5es da Pol\u00edcia Militar repassadas \u00e0 nossa reda\u00e7\u00e3o, as opera\u00e7\u00f5es continuar\u00e3o no munic\u00edpio com o apoio de for\u00e7as especializadas, como a CIP Sudoeste e a pr\u00f3pria CIP Cacaueira.<\/p>\n<p><a href=\"https:\/\/www.cronicasdeitarantim.com.br\/v1\/wp-content\/uploads\/2025\/07\/IMG-20250727-WA0002_compress26.jpg\"><img decoding=\"async\" loading=\"lazy\" class=\"alignnone size-full wp-image-174335\" src=\"https:\/\/www.cronicasdeitarantim.com.br\/v1\/wp-content\/uploads\/2025\/07\/IMG-20250727-WA0002_compress26.jpg\" alt=\"\" width=\"730\" height=\"548\" srcset=\"https:\/\/www.cronicasdeitarantim.com.br\/v1\/wp-content\/uploads\/2025\/07\/IMG-20250727-WA0002_compress26.jpg 730w, https:\/\/www.cronicasdeitarantim.com.br\/v1\/wp-content\/uploads\/2025\/07\/IMG-20250727-WA0002_compress26-300x225.jpg 300w, https:\/\/www.cronicasdeitarantim.com.br\/v1\/wp-content\/uploads\/2025\/07\/IMG-20250727-WA0002_compress26-400x300.jpg 400w\" sizes=\"(max-width: 730px) 100vw, 730px\" \/><\/a> <a href=\"https:\/\/www.cronicasdeitarantim.com.br\/v1\/wp-content\/uploads\/2025\/07\/IMG-20250727-WA0004_compress61.jpg\"><img decoding=\"async\" loading=\"lazy\" class=\"alignnone size-full wp-image-174336\" src=\"https:\/\/www.cronicasdeitarantim.com.br\/v1\/wp-content\/uploads\/2025\/07\/IMG-20250727-WA0004_compress61.jpg\" alt=\"\" width=\"730\" height=\"548\" srcset=\"https:\/\/www.cronicasdeitarantim.com.br\/v1\/wp-content\/uploads\/2025\/07\/IMG-20250727-WA0004_compress61.jpg 730w, https:\/\/www.cronicasdeitarantim.com.br\/v1\/wp-content\/uploads\/2025\/07\/IMG-20250727-WA0004_compress61-300x225.jpg 300w, https:\/\/www.cronicasdeitarantim.com.br\/v1\/wp-content\/uploads\/2025\/07\/IMG-20250727-WA0004_compress61-400x300.jpg 400w\" sizes=\"(max-width: 730px) 100vw, 730px\" \/><\/a> <a href=\"https:\/\/www.cronicasdeitarantim.com.br\/v1\/wp-content\/uploads\/2025\/07\/IMG_20250727_124949_compress97.jpg\"><img decoding=\"async\" loading=\"lazy\" class=\"alignnone size-full wp-image-174334\" src=\"https:\/\/www.cronicasdeitarantim.com.br\/v1\/wp-content\/uploads\/2025\/07\/IMG_20250727_124949_compress97.jpg\" alt=\"\" width=\"730\" height=\"484\" srcset=\"https:\/\/www.cronicasdeitarantim.com.br\/v1\/wp-content\/uploads\/2025\/07\/IMG_20250727_124949_compress97.jpg 730w, https:\/\/www.cronicasdeitarantim.com.br\/v1\/wp-content\/uploads\/2025\/07\/IMG_20250727_124949_compress97-300x199.jpg 300w, https:\/\/www.cronicasdeitarantim.com.br\/v1\/wp-content\/uploads\/2025\/07\/IMG_20250727_124949_compress97-400x265.jpg 400w\" sizes=\"(max-width: 730px) 100vw, 730px\" \/><\/a> <a href=\"https:\/\/www.cronicasdeitarantim.com.br\/v1\/wp-content\/uploads\/2025\/07\/IMG_20250727_125002_compress8.jpg\"><img decoding=\"async\" loading=\"lazy\" class=\"alignnone size-full wp-image-174333\" src=\"https:\/\/www.cronicasdeitarantim.com.br\/v1\/wp-content\/uploads\/2025\/07\/IMG_20250727_125002_compress8.jpg\" alt=\"\" width=\"730\" height=\"462\" srcset=\"https:\/\/www.cronicasdeitarantim.com.br\/v1\/wp-content\/uploads\/2025\/07\/IMG_20250727_125002_compress8.jpg 730w, https:\/\/www.cronicasdeitarantim.com.br\/v1\/wp-content\/uploads\/2025\/07\/IMG_20250727_125002_compress8-300x190.jpg 300w, https:\/\/www.cronicasdeitarantim.com.br\/v1\/wp-content\/uploads\/2025\/07\/IMG_20250727_125002_compress8-400x253.jpg 400w\" sizes=\"(max-width: 730px) 100vw, 730px\" \/><\/a><\/p>\n","protected":false},"excerpt":{"rendered":"<p>A 8\u00aa Companhia Independente de Pol\u00edcia Militar (CIPM), em conjunto com a CIP Cacaueira, segue com a Opera\u00e7\u00e3o Refor\u00e7o na cidade de Itarantim, localizada no M\u00e9dio Sudoeste da Bahia. A a\u00e7\u00e3o visa intensificar a seguran\u00e7a no munic\u00edpio, especialmente ap\u00f3s uma s\u00e9rie de homic\u00eddios registrados recentemente. Durante as noites, agentes de seguran\u00e7a realizaram averigua\u00e7\u00f5es e abordagens em v\u00e1rios locais suspeitos. A intensifica\u00e7\u00e3o das opera\u00e7\u00f5es ocorre em resposta aos crimes violentos que t\u00eam ocorrido na cidade. Na \u00faltima sexta-feira, uma opera\u00e7\u00e3o resultou na pris\u00e3o de diversos suspeitos envolvidos em homic\u00eddios. Segundo informa\u00e7\u00f5es da Pol\u00edcia Militar repassadas \u00e0 nossa reda\u00e7\u00e3o, as opera\u00e7\u00f5es continuar\u00e3o [&hellip;]<\/p>\n","protected":false},"author":4,"featured_media":174334,"comment_status":"open","ping_status":"open","sticky":false,"template":"","format":"standard","meta":[],"categories":[306],"tags":[3310,1780,385,434,591],"_links":{"self":[{"href":"https:\/\/www.cronicasdeitarantim.com.br\/v1\/wp-json\/wp\/v2\/posts\/174331"}],"collection":[{"href":"https:\/\/www.cronicasdeitarantim.com.br\/v1\/wp-json\/wp\/v2\/posts"}],"about":[{"href":"https:\/\/www.cronicasdeitarantim.com.br\/v1\/wp-json\/wp\/v2\/types\/post"}],"author":[{"embeddable":true,"href":"https:\/\/www.cronicasdeitarantim.com.br\/v1\/wp-json\/wp\/v2\/users\/4"}],"replies":[{"embeddable":true,"href":"https:\/\/www.cronicasdeitarantim.com.br\/v1\/wp-json\/wp\/v2\/comments?post=174331"}],"version-history":[{"count":3,"href":"https:\/\/www.cronicasdeitarantim.com.br\/v1\/wp-json\/wp\/v2\/posts\/174331\/revisions"}],"predecessor-version":[{"id":174339,"href":"https:\/\/www.cronicasdeitarantim.com.br\/v1\/wp-json\/wp\/v2\/posts\/174331\/revisions\/174339"}],"wp:featuredmedia":[{"embeddable":true,"href":"https:\/\/www.cronicasdeitarantim.com.br\/v1\/wp-json\/wp\/v2\/media\/174334"}],"wp:attachment":[{"href":"https:\/\/www.cronicasdeitarantim.com.br\/v1\/wp-json\/wp\/v2\/media?parent=174331"}],"wp:term":[{"taxonomy":"category","embeddable":true,"href":"https:\/\/www.cronicasdeitarantim.com.br\/v1\/wp-json\/wp\/v2\/categories?post=174331"},{"taxonomy":"post_tag","embeddable":true,"href":"https:\/\/www.cronicasdeitarantim.com.br\/v1\/wp-json\/wp\/v2\/tags?post=174331"}],"curies":[{"name":"wp","href":"https:\/\/api.w.org\/{rel}","templated":true}]}}