{"id":174319,"date":"2025-07-25T11:14:27","date_gmt":"2025-07-25T14:14:27","guid":{"rendered":"https:\/\/www.cronicasdeitarantim.com.br\/v1\/?p=174319"},"modified":"2025-07-25T13:21:39","modified_gmt":"2025-07-25T16:21:39","slug":"operacao-em-itarantim-veja-resumo-da-operacao-tres-pontas-com-mandados-de-prisao","status":"publish","type":"post","link":"https:\/\/www.cronicasdeitarantim.com.br\/v1\/2025\/07\/25\/operacao-em-itarantim-veja-resumo-da-operacao-tres-pontas-com-mandados-de-prisao\/","title":{"rendered":"Opera\u00e7\u00e3o em Itarantim: Veja resumo da &#8220;Opera\u00e7\u00e3o Tr\u00eas Pontas&#8221; com mandados de pris\u00e3o"},"content":{"rendered":"<h3>A Pol\u00edcia Civil da Bahia, atrav\u00e9s da Delegacia Territorial de Itarantim e da 21\u00aa Coorpin\/Itapetinga, deflagrou a Opera\u00e7\u00e3o Tr\u00eas Pontas, no dia de hoje 25\/07\/2025, com o objetivo de combater o tr\u00e1fico de drogas e crimes de homic\u00eddios relacionados \u00e0 disputa entre fac\u00e7\u00f5es criminosas atuantes na cidade.<\/h3>\n<h3>Foram cumpridos 11 (onze) mandados de busca e apreens\u00e3o e 02 (dois) mandados de pris\u00f5es, al\u00e9m de uma pris\u00e3o em flagrante por posse ilegal de muni\u00e7\u00f5es, totalizando 03 (tr\u00eas) presos, dos quais um deles \u00e9 autor de um dos homic\u00eddios.<a href=\"https:\/\/www.cronicasdeitarantim.com.br\/v1\/wp-content\/uploads\/2025\/07\/Imagem-do-WhatsApp-de-2025-07-25-as-11.14.03_e9a0e666.jpg\"><img decoding=\"async\" loading=\"lazy\" class=\"wp-image-174322 alignleft\" src=\"https:\/\/www.cronicasdeitarantim.com.br\/v1\/wp-content\/uploads\/2025\/07\/Imagem-do-WhatsApp-de-2025-07-25-as-11.14.03_e9a0e666.jpg\" alt=\"\" width=\"427\" height=\"292\" srcset=\"https:\/\/www.cronicasdeitarantim.com.br\/v1\/wp-content\/uploads\/2025\/07\/Imagem-do-WhatsApp-de-2025-07-25-as-11.14.03_e9a0e666.jpg 720w, https:\/\/www.cronicasdeitarantim.com.br\/v1\/wp-content\/uploads\/2025\/07\/Imagem-do-WhatsApp-de-2025-07-25-as-11.14.03_e9a0e666-300x205.jpg 300w, https:\/\/www.cronicasdeitarantim.com.br\/v1\/wp-content\/uploads\/2025\/07\/Imagem-do-WhatsApp-de-2025-07-25-as-11.14.03_e9a0e666-320x218.jpg 320w, https:\/\/www.cronicasdeitarantim.com.br\/v1\/wp-content\/uploads\/2025\/07\/Imagem-do-WhatsApp-de-2025-07-25-as-11.14.03_e9a0e666-160x110.jpg 160w, https:\/\/www.cronicasdeitarantim.com.br\/v1\/wp-content\/uploads\/2025\/07\/Imagem-do-WhatsApp-de-2025-07-25-as-11.14.03_e9a0e666-400x273.jpg 400w\" sizes=\"(max-width: 427px) 100vw, 427px\" \/><\/a><\/h3>\n<h3>Foram apreendidos 01 (um) carregador de pistola prolongado, um total de 60 (sessenta) muni\u00e7\u00f5es, sendo 39 (trinta e nove) muni\u00e7\u00f5es calibre .380, 17 (dezessete) muni\u00e7\u00f5es 9 mm, 04 (quatro) muni\u00e7\u00f5es .38 e tr\u00eas estojos deflagrados de calibre .380, al\u00e9m de um ve\u00edculo de proced\u00eancia duvidosa e 08 (oito) aparelhos celulares.<\/h3>\n<h3>A opera\u00e7\u00e3o contou com a participa\u00e7\u00e3o de 40 policiais civis e as incurs\u00f5es permanecem em curso com o objetivo de localizar e prender os demais foragidos.<\/h3>\n<h3>Fonte:\u00a0Pol\u00edcia\u00a0Civil<\/h3>\n","protected":false},"excerpt":{"rendered":"<p>A Pol\u00edcia Civil da Bahia, atrav\u00e9s da Delegacia Territorial de Itarantim e da 21\u00aa Coorpin\/Itapetinga, deflagrou a Opera\u00e7\u00e3o Tr\u00eas Pontas, no dia de hoje 25\/07\/2025, com o objetivo de combater o tr\u00e1fico de drogas e crimes de homic\u00eddios relacionados \u00e0 disputa entre fac\u00e7\u00f5es criminosas atuantes na cidade. Foram cumpridos 11 (onze) mandados de busca e apreens\u00e3o e 02 (dois) mandados de pris\u00f5es, al\u00e9m de uma pris\u00e3o em flagrante por posse ilegal de muni\u00e7\u00f5es, totalizando 03 (tr\u00eas) presos, dos quais um deles \u00e9 autor de um dos homic\u00eddios. Foram apreendidos 01 (um) carregador de pistola prolongado, um total de 60 (sessenta) [&hellip;]<\/p>\n","protected":false},"author":4,"featured_media":174320,"comment_status":"open","ping_status":"open","sticky":false,"template":"","format":"standard","meta":[],"categories":[306],"tags":[3310,1780,385,214,3498],"_links":{"self":[{"href":"https:\/\/www.cronicasdeitarantim.com.br\/v1\/wp-json\/wp\/v2\/posts\/174319"}],"collection":[{"href":"https:\/\/www.cronicasdeitarantim.com.br\/v1\/wp-json\/wp\/v2\/posts"}],"about":[{"href":"https:\/\/www.cronicasdeitarantim.com.br\/v1\/wp-json\/wp\/v2\/types\/post"}],"author":[{"embeddable":true,"href":"https:\/\/www.cronicasdeitarantim.com.br\/v1\/wp-json\/wp\/v2\/users\/4"}],"replies":[{"embeddable":true,"href":"https:\/\/www.cronicasdeitarantim.com.br\/v1\/wp-json\/wp\/v2\/comments?post=174319"}],"version-history":[{"count":2,"href":"https:\/\/www.cronicasdeitarantim.com.br\/v1\/wp-json\/wp\/v2\/posts\/174319\/revisions"}],"predecessor-version":[{"id":174323,"href":"https:\/\/www.cronicasdeitarantim.com.br\/v1\/wp-json\/wp\/v2\/posts\/174319\/revisions\/174323"}],"wp:featuredmedia":[{"embeddable":true,"href":"https:\/\/www.cronicasdeitarantim.com.br\/v1\/wp-json\/wp\/v2\/media\/174320"}],"wp:attachment":[{"href":"https:\/\/www.cronicasdeitarantim.com.br\/v1\/wp-json\/wp\/v2\/media?parent=174319"}],"wp:term":[{"taxonomy":"category","embeddable":true,"href":"https:\/\/www.cronicasdeitarantim.com.br\/v1\/wp-json\/wp\/v2\/categories?post=174319"},{"taxonomy":"post_tag","embeddable":true,"href":"https:\/\/www.cronicasdeitarantim.com.br\/v1\/wp-json\/wp\/v2\/tags?post=174319"}],"curies":[{"name":"wp","href":"https:\/\/api.w.org\/{rel}","templated":true}]}}