{"id":174312,"date":"2025-07-25T00:15:08","date_gmt":"2025-07-25T03:15:08","guid":{"rendered":"https:\/\/www.cronicasdeitarantim.com.br\/v1\/?p=174312"},"modified":"2025-07-25T00:20:19","modified_gmt":"2025-07-25T03:20:19","slug":"crueldade-e-maus-tratos-animais-cachorro-e-abandonado-para-morrer-em-itarantim","status":"publish","type":"post","link":"https:\/\/www.cronicasdeitarantim.com.br\/v1\/2025\/07\/25\/crueldade-e-maus-tratos-animais-cachorro-e-abandonado-para-morrer-em-itarantim\/","title":{"rendered":"Crueldade e maus-tratos animais! Cachorro \u00e9 abandonado para morrer em Itarantim"},"content":{"rendered":"<h3>A imagem \u00e9 de muita crueldade. Um cachorro foi abandonado em uma localidade da zona rural de Itarantim nesta quinta-feira, 24 de julho, para morrer. Um tratorista que passava pelo local na hora flagrou o animal agonizando na beira da estrada da regi\u00e3o de Toninho Moura.<\/h3>\n<h3>O v\u00eddeo enviado para a reda\u00e7\u00e3o do Cr\u00f4nicas de Itarantim mostra o animal ferido e pelas imagens podemos constatar que o cachorro est\u00e1 com parte da cabe\u00e7a com um ferimento infectado. N\u00e3o h\u00e1 informa\u00e7\u00f5es de quem pode ter sido o autor do crime, que \u00e9 caracterizado crime de maus -tratos e abandono e pode gerar pris\u00e3o com multa.<\/h3>\n<p>Veja v\u00eddeo clicando no link:<\/p>\n<p><a href=\"https:\/\/www.instagram.com\/reel\/DMg84EDM7aN\/?utm_source=ig_web_copy_link&amp;igsh=MzRlODBiNWFlZA==\">https:\/\/www.instagram.com\/reel\/DMg84EDM7aN\/?utm_source=ig_web_copy_link&amp;igsh=MzRlODBiNWFlZA==<\/a><\/p>\n<p>&nbsp;<\/p>\n","protected":false},"excerpt":{"rendered":"<p>A imagem \u00e9 de muita crueldade. Um cachorro foi abandonado em uma localidade da zona rural de Itarantim nesta quinta-feira, 24 de julho, para morrer. Um tratorista que passava pelo local na hora flagrou o animal agonizando na beira da estrada da regi\u00e3o de Toninho Moura. O v\u00eddeo enviado para a reda\u00e7\u00e3o do Cr\u00f4nicas de Itarantim mostra o animal ferido e pelas imagens podemos constatar que o cachorro est\u00e1 com parte da cabe\u00e7a com um ferimento infectado. N\u00e3o h\u00e1 informa\u00e7\u00f5es de quem pode ter sido o autor do crime, que \u00e9 caracterizado crime de maus -tratos e abandono e pode [&hellip;]<\/p>\n","protected":false},"author":4,"featured_media":174313,"comment_status":"open","ping_status":"open","sticky":false,"template":"","format":"standard","meta":[],"categories":[306],"tags":[643,3310,766,1780,385,739],"_links":{"self":[{"href":"https:\/\/www.cronicasdeitarantim.com.br\/v1\/wp-json\/wp\/v2\/posts\/174312"}],"collection":[{"href":"https:\/\/www.cronicasdeitarantim.com.br\/v1\/wp-json\/wp\/v2\/posts"}],"about":[{"href":"https:\/\/www.cronicasdeitarantim.com.br\/v1\/wp-json\/wp\/v2\/types\/post"}],"author":[{"embeddable":true,"href":"https:\/\/www.cronicasdeitarantim.com.br\/v1\/wp-json\/wp\/v2\/users\/4"}],"replies":[{"embeddable":true,"href":"https:\/\/www.cronicasdeitarantim.com.br\/v1\/wp-json\/wp\/v2\/comments?post=174312"}],"version-history":[{"count":2,"href":"https:\/\/www.cronicasdeitarantim.com.br\/v1\/wp-json\/wp\/v2\/posts\/174312\/revisions"}],"predecessor-version":[{"id":174315,"href":"https:\/\/www.cronicasdeitarantim.com.br\/v1\/wp-json\/wp\/v2\/posts\/174312\/revisions\/174315"}],"wp:featuredmedia":[{"embeddable":true,"href":"https:\/\/www.cronicasdeitarantim.com.br\/v1\/wp-json\/wp\/v2\/media\/174313"}],"wp:attachment":[{"href":"https:\/\/www.cronicasdeitarantim.com.br\/v1\/wp-json\/wp\/v2\/media?parent=174312"}],"wp:term":[{"taxonomy":"category","embeddable":true,"href":"https:\/\/www.cronicasdeitarantim.com.br\/v1\/wp-json\/wp\/v2\/categories?post=174312"},{"taxonomy":"post_tag","embeddable":true,"href":"https:\/\/www.cronicasdeitarantim.com.br\/v1\/wp-json\/wp\/v2\/tags?post=174312"}],"curies":[{"name":"wp","href":"https:\/\/api.w.org\/{rel}","templated":true}]}}