{"id":174286,"date":"2025-07-22T21:45:15","date_gmt":"2025-07-23T00:45:15","guid":{"rendered":"https:\/\/www.cronicasdeitarantim.com.br\/v1\/?p=174286"},"modified":"2025-07-22T21:45:15","modified_gmt":"2025-07-23T00:45:15","slug":"mais-um-prefeito-e-cassado-na-bahia-por-abuso-do-poder-politico-e-economico","status":"publish","type":"post","link":"https:\/\/www.cronicasdeitarantim.com.br\/v1\/2025\/07\/22\/mais-um-prefeito-e-cassado-na-bahia-por-abuso-do-poder-politico-e-economico\/","title":{"rendered":"Mais um prefeito \u00e9 cassado na Bahia por abuso do poder pol\u00edtico e econ\u00f4mico"},"content":{"rendered":"<div class=\"conteudo_post\">\n<p>A Justi\u00e7a Eleitoral da Bahia determinou a cassa\u00e7\u00e3o dos mandatos do prefeito de Aramari, Ant\u00f4nio Luiz Cardoso Dantas (PSD), conhecido como Tonho Cardoso, e do vice-prefeito, Mirivaldo Assis dos Santos (Podemos), por abuso de poder pol\u00edtico e econ\u00f4mico durante as elei\u00e7\u00f5es municipais de 2024. A decis\u00e3o foi proferida nesta ter\u00e7a-feira (22) pela 163\u00aa Zona Eleitoral de Alagoinhas.<\/p>\n<p>De acordo com a A\u00e7\u00e3o de Investiga\u00e7\u00e3o Judicial Eleitoral (AIJE), apresentada pelo Minist\u00e9rio P\u00fablico e pelo ent\u00e3o candidato Jos\u00e9 Carlos Alves Nascimento, os gestores usaram a estrutura da Prefeitura para favorecer a coliga\u00e7\u00e3o \u201cUnindo Aramari\u201d. Entre as pr\u00e1ticas apontadas est\u00e3o o uso de combust\u00edvel p\u00fablico em carreatas, distribui\u00e7\u00e3o de cestas b\u00e1sicas e pr\u00f3teses dent\u00e1rias, al\u00e9m da utiliza\u00e7\u00e3o de espa\u00e7os p\u00fablicos como comit\u00eas eleitorais.<\/p>\n<p>Na senten\u00e7a, o juiz Augusto Yuzo Jouti afirmou que houve confus\u00e3o entre os limites da administra\u00e7\u00e3o p\u00fablica e a campanha, comprometendo a igualdade da disputa eleitoral. Al\u00e9m da perda dos mandatos, prefeito e vice foram declarados ineleg\u00edveis por oito anos.<\/p>\n<p>A decis\u00e3o ainda \u00e9 pass\u00edvel de recurso no Tribunal Regional Eleitoral da Bahia (TRE-BA). Tonho Cardoso foi eleito com 60,71% dos votos v\u00e1lidos.<\/p>\n<\/div>\n<div id=\"div-share\"><\/div>\n","protected":false},"excerpt":{"rendered":"<p>A Justi\u00e7a Eleitoral da Bahia determinou a cassa\u00e7\u00e3o dos mandatos do prefeito de Aramari, Ant\u00f4nio Luiz Cardoso Dantas (PSD), conhecido como Tonho Cardoso, e do vice-prefeito, Mirivaldo Assis dos Santos (Podemos), por abuso de poder pol\u00edtico e econ\u00f4mico durante as elei\u00e7\u00f5es municipais de 2024. A decis\u00e3o foi proferida nesta ter\u00e7a-feira (22) pela 163\u00aa Zona Eleitoral de Alagoinhas. De acordo com a A\u00e7\u00e3o de Investiga\u00e7\u00e3o Judicial Eleitoral (AIJE), apresentada pelo Minist\u00e9rio P\u00fablico e pelo ent\u00e3o candidato Jos\u00e9 Carlos Alves Nascimento, os gestores usaram a estrutura da Prefeitura para favorecer a coliga\u00e7\u00e3o \u201cUnindo Aramari\u201d. Entre as pr\u00e1ticas apontadas est\u00e3o o uso de [&hellip;]<\/p>\n","protected":false},"author":4,"featured_media":174287,"comment_status":"open","ping_status":"open","sticky":false,"template":"","format":"standard","meta":[],"categories":[304],"tags":[2854,76,3310,92,1780,3497,3491,1297],"_links":{"self":[{"href":"https:\/\/www.cronicasdeitarantim.com.br\/v1\/wp-json\/wp\/v2\/posts\/174286"}],"collection":[{"href":"https:\/\/www.cronicasdeitarantim.com.br\/v1\/wp-json\/wp\/v2\/posts"}],"about":[{"href":"https:\/\/www.cronicasdeitarantim.com.br\/v1\/wp-json\/wp\/v2\/types\/post"}],"author":[{"embeddable":true,"href":"https:\/\/www.cronicasdeitarantim.com.br\/v1\/wp-json\/wp\/v2\/users\/4"}],"replies":[{"embeddable":true,"href":"https:\/\/www.cronicasdeitarantim.com.br\/v1\/wp-json\/wp\/v2\/comments?post=174286"}],"version-history":[{"count":1,"href":"https:\/\/www.cronicasdeitarantim.com.br\/v1\/wp-json\/wp\/v2\/posts\/174286\/revisions"}],"predecessor-version":[{"id":174288,"href":"https:\/\/www.cronicasdeitarantim.com.br\/v1\/wp-json\/wp\/v2\/posts\/174286\/revisions\/174288"}],"wp:featuredmedia":[{"embeddable":true,"href":"https:\/\/www.cronicasdeitarantim.com.br\/v1\/wp-json\/wp\/v2\/media\/174287"}],"wp:attachment":[{"href":"https:\/\/www.cronicasdeitarantim.com.br\/v1\/wp-json\/wp\/v2\/media?parent=174286"}],"wp:term":[{"taxonomy":"category","embeddable":true,"href":"https:\/\/www.cronicasdeitarantim.com.br\/v1\/wp-json\/wp\/v2\/categories?post=174286"},{"taxonomy":"post_tag","embeddable":true,"href":"https:\/\/www.cronicasdeitarantim.com.br\/v1\/wp-json\/wp\/v2\/tags?post=174286"}],"curies":[{"name":"wp","href":"https:\/\/api.w.org\/{rel}","templated":true}]}}