{"id":174148,"date":"2025-07-16T00:02:16","date_gmt":"2025-07-16T03:02:16","guid":{"rendered":"https:\/\/www.cronicasdeitarantim.com.br\/v1\/?p=174148"},"modified":"2025-07-16T00:02:16","modified_gmt":"2025-07-16T03:02:16","slug":"juiz-eleitoral-determina-cassacao-dos-mandatos-do-prefeito-e-vice-de-ibicui-por-abuso-de-poder-economico","status":"publish","type":"post","link":"https:\/\/www.cronicasdeitarantim.com.br\/v1\/2025\/07\/16\/juiz-eleitoral-determina-cassacao-dos-mandatos-do-prefeito-e-vice-de-ibicui-por-abuso-de-poder-economico\/","title":{"rendered":"Juiz eleitoral determina cassa\u00e7\u00e3o dos mandatos do prefeito e vice de Ibicu\u00ed por abuso de poder econ\u00f4mico"},"content":{"rendered":"<h4>O juiz eleitoral Deiner Xavier, da 146\u00aa Zona Eleitoral de Igua\u00ed, determinou a cassa\u00e7\u00e3o dos mandatos do prefeito de Ibicu\u00ed, Salom\u00e3o Cerqueira (PSD), e do vice-prefeito Doda (PP). A decis\u00e3o atende a uma a\u00e7\u00e3o movida pelo grupo de oposi\u00e7\u00e3o, que acusou a chapa de abuso de poder pol\u00edtico e econ\u00f4mico durante as elei\u00e7\u00f5es municipais.<\/h4>\n<h4>Apesar da manifesta\u00e7\u00e3o contr\u00e1ria do Minist\u00e9rio P\u00fablico Eleitoral, que opinou pela rejei\u00e7\u00e3o dos pedidos de cassa\u00e7\u00e3o, o magistrado decidiu acolher parte das alega\u00e7\u00f5es da den\u00fancia.<\/h4>\n<h4>Com a senten\u00e7a, Salom\u00e3o e Doda foram cassados, mas permanecer\u00e3o em seus cargos enquanto recorrem da decis\u00e3o. O recurso ao Tribunal Regional Eleitoral da Bahia (TRE-BA) possui efeito suspensivo.<\/h4>\n<h4>Al\u00e9m disso, a justi\u00e7a declarou que ambos os gestores ficar\u00e3o ineleg\u00edveis por oito anos. O ex-prefeito Marcos Galv\u00e3o tamb\u00e9m foi declarado ineleg\u00edvel.<\/h4>\n","protected":false},"excerpt":{"rendered":"<p>O juiz eleitoral Deiner Xavier, da 146\u00aa Zona Eleitoral de Igua\u00ed, determinou a cassa\u00e7\u00e3o dos mandatos do prefeito de Ibicu\u00ed, Salom\u00e3o Cerqueira (PSD), e do vice-prefeito Doda (PP). A decis\u00e3o atende a uma a\u00e7\u00e3o movida pelo grupo de oposi\u00e7\u00e3o, que acusou a chapa de abuso de poder pol\u00edtico e econ\u00f4mico durante as elei\u00e7\u00f5es municipais. Apesar da manifesta\u00e7\u00e3o contr\u00e1ria do Minist\u00e9rio P\u00fablico Eleitoral, que opinou pela rejei\u00e7\u00e3o dos pedidos de cassa\u00e7\u00e3o, o magistrado decidiu acolher parte das alega\u00e7\u00f5es da den\u00fancia. Com a senten\u00e7a, Salom\u00e3o e Doda foram cassados, mas permanecer\u00e3o em seus cargos enquanto recorrem da decis\u00e3o. O recurso ao Tribunal [&hellip;]<\/p>\n","protected":false},"author":4,"featured_media":174149,"comment_status":"open","ping_status":"open","sticky":false,"template":"","format":"standard","meta":[],"categories":[304],"tags":[3310,92,1780,1322,1297],"_links":{"self":[{"href":"https:\/\/www.cronicasdeitarantim.com.br\/v1\/wp-json\/wp\/v2\/posts\/174148"}],"collection":[{"href":"https:\/\/www.cronicasdeitarantim.com.br\/v1\/wp-json\/wp\/v2\/posts"}],"about":[{"href":"https:\/\/www.cronicasdeitarantim.com.br\/v1\/wp-json\/wp\/v2\/types\/post"}],"author":[{"embeddable":true,"href":"https:\/\/www.cronicasdeitarantim.com.br\/v1\/wp-json\/wp\/v2\/users\/4"}],"replies":[{"embeddable":true,"href":"https:\/\/www.cronicasdeitarantim.com.br\/v1\/wp-json\/wp\/v2\/comments?post=174148"}],"version-history":[{"count":1,"href":"https:\/\/www.cronicasdeitarantim.com.br\/v1\/wp-json\/wp\/v2\/posts\/174148\/revisions"}],"predecessor-version":[{"id":174150,"href":"https:\/\/www.cronicasdeitarantim.com.br\/v1\/wp-json\/wp\/v2\/posts\/174148\/revisions\/174150"}],"wp:featuredmedia":[{"embeddable":true,"href":"https:\/\/www.cronicasdeitarantim.com.br\/v1\/wp-json\/wp\/v2\/media\/174149"}],"wp:attachment":[{"href":"https:\/\/www.cronicasdeitarantim.com.br\/v1\/wp-json\/wp\/v2\/media?parent=174148"}],"wp:term":[{"taxonomy":"category","embeddable":true,"href":"https:\/\/www.cronicasdeitarantim.com.br\/v1\/wp-json\/wp\/v2\/categories?post=174148"},{"taxonomy":"post_tag","embeddable":true,"href":"https:\/\/www.cronicasdeitarantim.com.br\/v1\/wp-json\/wp\/v2\/tags?post=174148"}],"curies":[{"name":"wp","href":"https:\/\/api.w.org\/{rel}","templated":true}]}}