{"id":174139,"date":"2025-07-15T15:23:32","date_gmt":"2025-07-15T18:23:32","guid":{"rendered":"https:\/\/www.cronicasdeitarantim.com.br\/v1\/?p=174139"},"modified":"2025-07-15T15:23:32","modified_gmt":"2025-07-15T18:23:32","slug":"prefeita-de-maiquinique-protagoniza-espetaculo-grotesco-em-entrevista-em-radio-da-cidade","status":"publish","type":"post","link":"https:\/\/www.cronicasdeitarantim.com.br\/v1\/2025\/07\/15\/prefeita-de-maiquinique-protagoniza-espetaculo-grotesco-em-entrevista-em-radio-da-cidade\/","title":{"rendered":"Prefeita de Maiquinique protagoniza espet\u00e1culo grotesco em entrevista em r\u00e1dio da cidade"},"content":{"rendered":"<p>Na manh\u00e3 desta segunda-feira (15), a t\u00e3o aguardada entrevista da prefeita de Maiquinique, Val\u00e9ria Silveira, na R\u00e1dio Comunit\u00e1ria Maiquinique FM 104,9 transformou-se em um verdadeiro espet\u00e1culo grotesco e vergonhoso, deixando a popula\u00e7\u00e3o perplexa com a postura adotada pela gestora municipal.<\/p>\n<p>Ap\u00f3s meses de adiamentos e promessas n\u00e3o cumpridas de que compareceria ao programa para prestar esclarecimentos \u00e0 comunidade, Val\u00e9ria finalmente esteve nos est\u00fadios da emissora \u2014 mas n\u00e3o foi sozinha. Levou consigo uma esp\u00e9cie de comitiva, composta por secret\u00e1rios, advogados e pelo vereador Ezequiel Ferraz, que na pr\u00e1tica acabou assumindo boa parte da entrevista, respondendo perguntas em seu lugar ou utilizando manobras discursivas para evitar respostas diretas.<\/p>\n<p>A entrevista, que deveria ser uma oportunidade para prestar contas \u00e0 popula\u00e7\u00e3o e esclarecer d\u00favidas sobre a condu\u00e7\u00e3o do governo, rapidamente perdeu seu prop\u00f3sito diante das atitudes da prefeita. Fugindo das perguntas feitas tanto pelo locutor quanto pelos ouvintes, Val\u00e9ria negou fatos amplamente documentados, apresentou justificativas fr\u00e1geis diante das den\u00fancias de irregularidades em sua gest\u00e3o, e por diversas vezes se esquivou das quest\u00f5es, optando pelo sil\u00eancio ou delegando as respostas ao vereador que a acompanhava.<\/p>\n<p>O que se viu foi um completo desrespeito com a intelig\u00eancia do cidad\u00e3o maiquiniquense. Em v\u00e1rios momentos, os pr\u00f3prios locutores precisaram intervir para cobrar da prefeita seriedade e compromisso com a verdade, exigindo que respondesse de forma clara e objetiva aos questionamentos. Tamb\u00e9m repreenderam a prefeita e o vereador Ezequiel pelas atitudes desrespeitosas que destoaram do esp\u00edrito democr\u00e1tico e informativo do programa.<\/p>\n<p>Para muitos ouvintes, o saldo foi de decep\u00e7\u00e3o. A expectativa de uma presta\u00e7\u00e3o de contas respons\u00e1vel e transparente deu lugar a uma encena\u00e7\u00e3o pol\u00edtica desastrosa, que apenas refor\u00e7a a crescente crise de credibilidade enfrentada pela atual gest\u00e3o. Val\u00e9ria saiu menor do que entrou \u2014 marcada por um comportamento evasivo, despreparo diante das cr\u00edticas e, principalmente, por sua falta de respeito com os mun\u00edcipes que esperavam por respostas.<\/p>\n<p>A entrevista que poderia ter sido um marco de transpar\u00eancia, virou um exemplo de como n\u00e3o se deve tratar a popula\u00e7\u00e3o e a imprensa. Um triste retrato de uma gest\u00e3o cada vez mais distante da realidade e da responsabilidade p\u00fablica.<\/p>\n","protected":false},"excerpt":{"rendered":"<p>Na manh\u00e3 desta segunda-feira (15), a t\u00e3o aguardada entrevista da prefeita de Maiquinique, Val\u00e9ria Silveira, na R\u00e1dio Comunit\u00e1ria Maiquinique FM 104,9 transformou-se em um verdadeiro espet\u00e1culo grotesco e vergonhoso, deixando a popula\u00e7\u00e3o perplexa com a postura adotada pela gestora municipal. Ap\u00f3s meses de adiamentos e promessas n\u00e3o cumpridas de que compareceria ao programa para prestar esclarecimentos \u00e0 comunidade, Val\u00e9ria finalmente esteve nos est\u00fadios da emissora \u2014 mas n\u00e3o foi sozinha. Levou consigo uma esp\u00e9cie de comitiva, composta por secret\u00e1rios, advogados e pelo vereador Ezequiel Ferraz, que na pr\u00e1tica acabou assumindo boa parte da entrevista, respondendo perguntas em seu lugar ou [&hellip;]<\/p>\n","protected":false},"author":4,"featured_media":174141,"comment_status":"open","ping_status":"open","sticky":false,"template":"","format":"standard","meta":[],"categories":[304],"tags":[3310,1780,392,2546],"_links":{"self":[{"href":"https:\/\/www.cronicasdeitarantim.com.br\/v1\/wp-json\/wp\/v2\/posts\/174139"}],"collection":[{"href":"https:\/\/www.cronicasdeitarantim.com.br\/v1\/wp-json\/wp\/v2\/posts"}],"about":[{"href":"https:\/\/www.cronicasdeitarantim.com.br\/v1\/wp-json\/wp\/v2\/types\/post"}],"author":[{"embeddable":true,"href":"https:\/\/www.cronicasdeitarantim.com.br\/v1\/wp-json\/wp\/v2\/users\/4"}],"replies":[{"embeddable":true,"href":"https:\/\/www.cronicasdeitarantim.com.br\/v1\/wp-json\/wp\/v2\/comments?post=174139"}],"version-history":[{"count":1,"href":"https:\/\/www.cronicasdeitarantim.com.br\/v1\/wp-json\/wp\/v2\/posts\/174139\/revisions"}],"predecessor-version":[{"id":174140,"href":"https:\/\/www.cronicasdeitarantim.com.br\/v1\/wp-json\/wp\/v2\/posts\/174139\/revisions\/174140"}],"wp:featuredmedia":[{"embeddable":true,"href":"https:\/\/www.cronicasdeitarantim.com.br\/v1\/wp-json\/wp\/v2\/media\/174141"}],"wp:attachment":[{"href":"https:\/\/www.cronicasdeitarantim.com.br\/v1\/wp-json\/wp\/v2\/media?parent=174139"}],"wp:term":[{"taxonomy":"category","embeddable":true,"href":"https:\/\/www.cronicasdeitarantim.com.br\/v1\/wp-json\/wp\/v2\/categories?post=174139"},{"taxonomy":"post_tag","embeddable":true,"href":"https:\/\/www.cronicasdeitarantim.com.br\/v1\/wp-json\/wp\/v2\/tags?post=174139"}],"curies":[{"name":"wp","href":"https:\/\/api.w.org\/{rel}","templated":true}]}}