{"id":174110,"date":"2025-07-13T22:41:21","date_gmt":"2025-07-14T01:41:21","guid":{"rendered":"https:\/\/www.cronicasdeitarantim.com.br\/v1\/?p=174110"},"modified":"2025-07-13T22:41:21","modified_gmt":"2025-07-14T01:41:21","slug":"esporte-historico-time-do-galicia-volta-a-elite-do-futebol-baiano","status":"publish","type":"post","link":"https:\/\/www.cronicasdeitarantim.com.br\/v1\/2025\/07\/13\/esporte-historico-time-do-galicia-volta-a-elite-do-futebol-baiano\/","title":{"rendered":"Esporte! Hist\u00f3rico time do Gal\u00edcia volta \u00e0 elite do futebol baiano"},"content":{"rendered":"<h4>O time do Gal\u00edcia volta \u00e0 elite do futebol baiano depois de vencer o Itabuna neste domingo, 13 de julho, em um jogo decidido nos p\u00eanaltis no est\u00e1dio J\u00f3ia da Princesa, em Feira de Santana. A volta do Gal\u00edcia \u00e0 primeira divis\u00e3o ocorre ap\u00f3s quase 10 anos de espera. O Gal\u00edcia \u00e9 um time hist\u00f3rico na Bahia e precisou da nona cobran\u00e7a de p\u00eanalti para se classificar para a final do Campeonato Baiano da S\u00e9rie B. A disputa nos p\u00eanaltis terminou em 9 a 8.<\/h4>\n<h4>O time do Gal\u00edcia garantiu a vaga mesmo vindo em \u00faltimo lugar entre os quatro semifinalistas, acumulando 15 pontos na competi\u00e7\u00e3o, com quatro vit\u00f3rias, tr\u00eas empates e duas derrotas.<\/h4>\n<h4>O clube esteve no topo do futebol da Bahia durante sua primeira d\u00e9cada de vida: campe\u00e3o em 1937, sagrou-se o primeiro tricampe\u00e3o baiano nos anos de 1941, 1942 e 1943, al\u00e9m de conquistar os vice-campeonatos de 1935, 1936, 1938, 1939 e 1940. Voltou a ser campe\u00e3o baiano em 1968, obtendo ainda quatro vice-campeonatos em 1967, 1980, 1982 e 1995.<\/h4>\n","protected":false},"excerpt":{"rendered":"<p>O time do Gal\u00edcia volta \u00e0 elite do futebol baiano depois de vencer o Itabuna neste domingo, 13 de julho, em um jogo decidido nos p\u00eanaltis no est\u00e1dio J\u00f3ia da Princesa, em Feira de Santana. A volta do Gal\u00edcia \u00e0 primeira divis\u00e3o ocorre ap\u00f3s quase 10 anos de espera. O Gal\u00edcia \u00e9 um time hist\u00f3rico na Bahia e precisou da nona cobran\u00e7a de p\u00eanalti para se classificar para a final do Campeonato Baiano da S\u00e9rie B. A disputa nos p\u00eanaltis terminou em 9 a 8. O time do Gal\u00edcia garantiu a vaga mesmo vindo em \u00faltimo lugar entre os quatro [&hellip;]<\/p>\n","protected":false},"author":4,"featured_media":174111,"comment_status":"open","ping_status":"open","sticky":false,"template":"","format":"standard","meta":[],"categories":[299],"tags":[76,3310,1780,137,3485],"_links":{"self":[{"href":"https:\/\/www.cronicasdeitarantim.com.br\/v1\/wp-json\/wp\/v2\/posts\/174110"}],"collection":[{"href":"https:\/\/www.cronicasdeitarantim.com.br\/v1\/wp-json\/wp\/v2\/posts"}],"about":[{"href":"https:\/\/www.cronicasdeitarantim.com.br\/v1\/wp-json\/wp\/v2\/types\/post"}],"author":[{"embeddable":true,"href":"https:\/\/www.cronicasdeitarantim.com.br\/v1\/wp-json\/wp\/v2\/users\/4"}],"replies":[{"embeddable":true,"href":"https:\/\/www.cronicasdeitarantim.com.br\/v1\/wp-json\/wp\/v2\/comments?post=174110"}],"version-history":[{"count":1,"href":"https:\/\/www.cronicasdeitarantim.com.br\/v1\/wp-json\/wp\/v2\/posts\/174110\/revisions"}],"predecessor-version":[{"id":174112,"href":"https:\/\/www.cronicasdeitarantim.com.br\/v1\/wp-json\/wp\/v2\/posts\/174110\/revisions\/174112"}],"wp:featuredmedia":[{"embeddable":true,"href":"https:\/\/www.cronicasdeitarantim.com.br\/v1\/wp-json\/wp\/v2\/media\/174111"}],"wp:attachment":[{"href":"https:\/\/www.cronicasdeitarantim.com.br\/v1\/wp-json\/wp\/v2\/media?parent=174110"}],"wp:term":[{"taxonomy":"category","embeddable":true,"href":"https:\/\/www.cronicasdeitarantim.com.br\/v1\/wp-json\/wp\/v2\/categories?post=174110"},{"taxonomy":"post_tag","embeddable":true,"href":"https:\/\/www.cronicasdeitarantim.com.br\/v1\/wp-json\/wp\/v2\/tags?post=174110"}],"curies":[{"name":"wp","href":"https:\/\/api.w.org\/{rel}","templated":true}]}}