{"id":173945,"date":"2025-07-03T15:56:17","date_gmt":"2025-07-03T18:56:17","guid":{"rendered":"https:\/\/www.cronicasdeitarantim.com.br\/v1\/?p=173945"},"modified":"2025-07-03T16:02:15","modified_gmt":"2025-07-03T19:02:15","slug":"urgente-grave-acidente-entre-carro-de-passeio-e-onibus-em-mascote-deixa-ao-menos-quatro-mortos","status":"publish","type":"post","link":"https:\/\/www.cronicasdeitarantim.com.br\/v1\/2025\/07\/03\/urgente-grave-acidente-entre-carro-de-passeio-e-onibus-em-mascote-deixa-ao-menos-quatro-mortos\/","title":{"rendered":"URGENTE! Grave acidente entre carro de passeio e \u00f4nibus em Mascote deixa ao menos quatro mortos"},"content":{"rendered":"<h4>Um grave acidente entre um carro de passeio e um \u00f4nibus foi registrado no in\u00edcio da tarde desta quinta-feira, 3 de julho, pr\u00f3ximo ao trevo da cidade de Mascote, no sul da Bahia. De acordo com as primeiras informa\u00e7\u00f5es, quatro pessoas perderam a vida no local.<\/h4>\n<h4>Imagens e v\u00eddeos enviados ao site Cr\u00f4nicas de Itarantim mostram um carro Strada completamente esmagado devido ao impacto. Curiosos que passavam pelo local filmaram a cena, revelando alguns corpos que estavam presos nas ferragens.<\/h4>\n<h4>As causas do acidente ainda s\u00e3o desconhecidas, e v\u00e1rias ambul\u00e2ncias de cidades da regi\u00e3o se deslocaram at\u00e9 o local para prestar assist\u00eancia.<\/h4>\n<h4>A qualquer momento, mais informa\u00e7\u00f5es estar\u00e3o\u00a0dispon\u00edveis.<\/h4>\n<p>Veja v\u00eddeo: <a href=\"https:\/\/www.instagram.com\/reel\/DLqBS8KR354\/?utm_source=ig_web_copy_link\">https:\/\/www.instagram.com\/reel\/DLqBS8KR354\/?utm_source=ig_web_copy_link<\/a><\/p>\n","protected":false},"excerpt":{"rendered":"<p>Um grave acidente entre um carro de passeio e um \u00f4nibus foi registrado no in\u00edcio da tarde desta quinta-feira, 3 de julho, pr\u00f3ximo ao trevo da cidade de Mascote, no sul da Bahia. De acordo com as primeiras informa\u00e7\u00f5es, quatro pessoas perderam a vida no local. Imagens e v\u00eddeos enviados ao site Cr\u00f4nicas de Itarantim mostram um carro Strada completamente esmagado devido ao impacto. Curiosos que passavam pelo local filmaram a cena, revelando alguns corpos que estavam presos nas ferragens. As causas do acidente ainda s\u00e3o desconhecidas, e v\u00e1rias ambul\u00e2ncias de cidades da regi\u00e3o se deslocaram at\u00e9 o local para [&hellip;]<\/p>\n","protected":false},"author":4,"featured_media":173946,"comment_status":"open","ping_status":"open","sticky":false,"template":"","format":"standard","meta":[],"categories":[306],"tags":[594,3310,1780,1417],"_links":{"self":[{"href":"https:\/\/www.cronicasdeitarantim.com.br\/v1\/wp-json\/wp\/v2\/posts\/173945"}],"collection":[{"href":"https:\/\/www.cronicasdeitarantim.com.br\/v1\/wp-json\/wp\/v2\/posts"}],"about":[{"href":"https:\/\/www.cronicasdeitarantim.com.br\/v1\/wp-json\/wp\/v2\/types\/post"}],"author":[{"embeddable":true,"href":"https:\/\/www.cronicasdeitarantim.com.br\/v1\/wp-json\/wp\/v2\/users\/4"}],"replies":[{"embeddable":true,"href":"https:\/\/www.cronicasdeitarantim.com.br\/v1\/wp-json\/wp\/v2\/comments?post=173945"}],"version-history":[{"count":2,"href":"https:\/\/www.cronicasdeitarantim.com.br\/v1\/wp-json\/wp\/v2\/posts\/173945\/revisions"}],"predecessor-version":[{"id":173948,"href":"https:\/\/www.cronicasdeitarantim.com.br\/v1\/wp-json\/wp\/v2\/posts\/173945\/revisions\/173948"}],"wp:featuredmedia":[{"embeddable":true,"href":"https:\/\/www.cronicasdeitarantim.com.br\/v1\/wp-json\/wp\/v2\/media\/173946"}],"wp:attachment":[{"href":"https:\/\/www.cronicasdeitarantim.com.br\/v1\/wp-json\/wp\/v2\/media?parent=173945"}],"wp:term":[{"taxonomy":"category","embeddable":true,"href":"https:\/\/www.cronicasdeitarantim.com.br\/v1\/wp-json\/wp\/v2\/categories?post=173945"},{"taxonomy":"post_tag","embeddable":true,"href":"https:\/\/www.cronicasdeitarantim.com.br\/v1\/wp-json\/wp\/v2\/tags?post=173945"}],"curies":[{"name":"wp","href":"https:\/\/api.w.org\/{rel}","templated":true}]}}